{"id":8289,"date":"2021-09-06T15:00:00","date_gmt":"2021-09-06T15:00:00","guid":{"rendered":"https:\/\/edus.gov.co\/?p=8289"},"modified":"2021-09-08T16:13:28","modified_gmt":"2021-09-08T16:13:28","slug":"obras-de-recuperacion-integral-de-la-carrera-19-presentan-un-avance-del-56-alcaldesa-virna-johnson","status":"publish","type":"post","link":"https:\/\/edus.gov.co\/en\/obras-de-recuperacion-integral-de-la-carrera-19-presentan-un-avance-del-56-alcaldesa-virna-johnson\/","title":{"rendered":"\u201cObras de recuperaci\u00f3n integral de la carrera 19 presentan un avance del 56%\u201d: Alcaldesa Virna Johnson"},"content":{"rendered":"<div data-elementor-type=\"wp-post\" data-elementor-id=\"8289\" class=\"elementor elementor-8289\" data-elementor-post-type=\"post\">\n\t\t\t\t\t\t<section class=\"elementor-section elementor-top-section elementor-element elementor-element-687bb192 elementor-section-boxed elementor-section-height-default elementor-section-height-default\" data-id=\"687bb192\" data-element_type=\"section\">\n\t\t\t\t\t\t<div class=\"elementor-container elementor-column-gap-default\">\n\t\t\t\t\t<div class=\"elementor-column elementor-col-100 elementor-top-column elementor-element elementor-element-4f30bfab\" data-id=\"4f30bfab\" data-element_type=\"column\">\n\t\t\t<div class=\"elementor-widget-wrap elementor-element-populated\">\n\t\t\t\t\t\t<div class=\"elementor-element elementor-element-2330fad3 elementor-widget elementor-widget-text-editor\" data-id=\"2330fad3\" data-element_type=\"widget\" data-widget_type=\"text-editor.default\">\n\t\t\t\t<div class=\"elementor-widget-container\">\n\t\t\t\t\t\t\t\t\t<p style=\"font-weight: 400;\"><em>En los pr\u00f3ximos d\u00edas se habilitar\u00e1 el tramo entre las calles 8 y la 9.\u00a0<\/em><\/p><p style=\"font-weight: 400;\">Evidenciando los beneficios y la funcionalidad de las nuevas redes de acueducto, el sistema de alcantarillado sanitario, la construcci\u00f3n de box coulvert y la adecuaci\u00f3n del espacio p\u00fablico, la alcaldesa Virna Johnson inspeccion\u00f3 las obras del proyecto Malla Vial, que se desarrollan en la carrera 19, entre la V\u00eda Alterna y la Avenida del Libertador, la cual presenta un avance en la ejecuci\u00f3n del 56%.\u00a0\u00a0<\/p><p style=\"font-weight: 400;\">La mandataria de los samarios enfatiz\u00f3 en que este proyecto de la Alcald\u00eda Distrital, que es ejecutado por la Empresa de Desarrollo y Renovaci\u00f3n Urbano Sostenible de Santa Marta, EDUS, es uno de los m\u00e1s grandes e integrales de Malla Vial, y contribuye con el suministro de agua potable, facilita la evacuaci\u00f3n de las aguas lluvias, evita las inundaciones y mejora las condiciones de vida de los habitantes de sectores como Los Almendros, Betania entre otros.\u00a0\u00a0<\/p><p style=\"font-weight: 400;\">En las obras tambi\u00e9n se puede apreciar el dise\u00f1o universal con la instalaci\u00f3n de losetas podot\u00e1ctiles, garantizando un espacio p\u00fablico accesible para la ciudadan\u00eda. Adicionalmente, con el apoyo de la ESSMAR, se han instalado luminarias tipo led; mientras que desde la EDUS se siembran \u00e1rboles, contribuyendo con el componente ambiental o protecci\u00f3n del medio ambiente.\u00a0\u00a0<\/p><p style=\"font-weight: 400;\">La Alcaldesa mencion\u00f3 que \u201clos Gobiernos del Cambio privilegiamos lo p\u00fablico, recordemos que los recursos de Malla Vial antes eran destinados a una concesi\u00f3n y hoy los invertimos en importantes proyectos al beneficio de todos los ciudadanos\u201d.\u00a0<\/p><p style=\"font-weight: 400;\">A su vez, Dagoberto Ospina, gerente de la EDUS, explic\u00f3 que \u201ceste megaproyecto incluye la canalizaci\u00f3n de las aguas lluvias a trav\u00e9s de un gran box coulvert, que impactar\u00e1 a ese sector de la ciudad. Se est\u00e1n habilitando tramos progresivamente; en los pr\u00f3ximos d\u00edas se habilitar\u00e1 el tramo entre las calles 8 y 9 y se continuar\u00e1n los trabajos hacia la calle 11, donde se alcanzar\u00e1n los 500 metros lineales de proyecto\u201d.\u00a0\u00a0<\/p><p style=\"font-weight: 400;\">Carmen Freite de Guerrero, habitante del sector, manifest\u00f3 que esta es una gran obra, que se est\u00e1 llegando a la meta y observa el compromiso de la Administraci\u00f3n Distrital. \u201cNo pens\u00e1bamos que el proyecto se hiciera tan r\u00e1pido, porque no se trata de pegar goma, sino toda una obra de gran impacto. Gracias a la Alcald\u00eda y a la EDUS porque trabajan muy bien; ya tenemos agua, llega sin manguera a las albercas y no se inunda el sector\u201d, anot\u00f3.\u00a0\u00a0<\/p><p style=\"font-weight: 400;\">Ruby Rincones, miembro del Comit\u00e9 de Obras de Los Almendros, explic\u00f3: \u201cesta es una obra excelente, que nos beneficiar\u00e1 con el nuevo acueducto, el alcantarillado y el alumbrado p\u00fablico. Le damos las gracias a la Alcaldesa y a la EDUS, porque tenemos nuevas estructuras y mejores servicios\u201d.\u00a0\u00a0<\/p><p style=\"font-weight: 400;\">Simult\u00e1neamente, la Alcald\u00eda desarrolla otras intervenciones del proyecto Malla Vial I en sectores como El Pando y el tramo Oasis (Bastidas), en los cuales tambi\u00e9n se evidencia la transformaci\u00f3n que los gobiernos del cambio generan en el Distrito.\u00a0<\/p>\t\t\t\t\t\t\t\t<\/div>\n\t\t\t\t<\/div>\n\t\t\t\t\t<\/div>\n\t\t<\/div>\n\t\t\t\t\t<\/div>\n\t\t<\/section>\n\t\t\t\t<section class=\"elementor-section elementor-top-section elementor-element elementor-element-c0d47f5 elementor-section-full_width elementor-section-stretched elementor-section-height-default elementor-section-height-default\" data-id=\"c0d47f5\" data-element_type=\"section\" data-settings=\"{&quot;stretch_section&quot;:&quot;section-stretched&quot;}\">\n\t\t\t\t\t\t\t<div class=\"elementor-background-overlay\"><\/div>\n\t\t\t\t\t\t\t<div class=\"elementor-container elementor-column-gap-default\">\n\t\t\t\t\t<div class=\"elementor-column elementor-col-100 elementor-top-column elementor-element elementor-element-b3f40b9\" data-id=\"b3f40b9\" data-element_type=\"column\">\n\t\t\t<div class=\"elementor-widget-wrap elementor-element-populated\">\n\t\t\t\t\t\t<div class=\"elementor-element elementor-element-939a1e2 elementor-widget elementor-widget-heading\" data-id=\"939a1e2\" data-element_type=\"widget\" data-widget_type=\"heading.default\">\n\t\t\t\t<div class=\"elementor-widget-container\">\n\t\t\t\t\t<h3 class=\"elementor-heading-title elementor-size-default\">\u00daltimas Noticias<\/h3>\t\t\t\t<\/div>\n\t\t\t\t<\/div>\n\t\t\t\t\t<\/div>\n\t\t<\/div>\n\t\t\t\t\t<\/div>\n\t\t<\/section>\n\t\t\t\t<\/div>","protected":false},"excerpt":{"rendered":"<p>En los pr\u00f3ximos d\u00edas se habilitar\u00e1 el tramo entre las calles 8 y la 9.&nbsp; Evidenciando los beneficios y la funcionalidad de las nuevas redes de acueducto, el sistema de alcantarillado sanitario, la construcci\u00f3n de box coulvert y la adecuaci\u00f3n del espacio p\u00fablico, la alcaldesa Virna Johnson inspeccion\u00f3 las obras del proyecto Malla Vial, que [&hellip;]<\/p>","protected":false},"author":17,"featured_media":8290,"comment_status":"closed","ping_status":"closed","sticky":false,"template":"","format":"standard","meta":{"site-sidebar-layout":"default","site-content-layout":"","ast-site-content-layout":"default","site-content-style":"default","site-sidebar-style":"default","ast-global-header-display":"","ast-banner-title-visibility":"","ast-main-header-display":"","ast-hfb-above-header-display":"","ast-hfb-below-header-display":"","ast-hfb-mobile-header-display":"","site-post-title":"","ast-breadcrumbs-content":"","ast-featured-img":"","footer-sml-layout":"","ast-disable-related-posts":"","theme-transparent-header-meta":"","adv-header-id-meta":"","stick-header-meta":"","header-above-stick-meta":"","header-main-stick-meta":"","header-below-stick-meta":"","astra-migrate-meta-layouts":"default","ast-page-background-enabled":"default","ast-page-background-meta":{"desktop":{"background-color":"var(--ast-global-color-4)","background-image":"","background-repeat":"repeat","background-position":"center center","background-size":"auto","background-attachment":"scroll","background-type":"","background-media":"","overlay-type":"","overlay-color":"","overlay-opacity":"","overlay-gradient":""},"tablet":{"background-color":"","background-image":"","background-repeat":"repeat","background-position":"center center","background-size":"auto","background-attachment":"scroll","background-type":"","background-media":"","overlay-type":"","overlay-color":"","overlay-opacity":"","overlay-gradient":""},"mobile":{"background-color":"","background-image":"","background-repeat":"repeat","background-position":"center center","background-size":"auto","background-attachment":"scroll","background-type":"","background-media":"","overlay-type":"","overlay-color":"","overlay-opacity":"","overlay-gradient":""}},"ast-content-background-meta":{"desktop":{"background-color":"var(--ast-global-color-5)","background-image":"","background-repeat":"repeat","background-position":"center center","background-size":"auto","background-attachment":"scroll","background-type":"","background-media":"","overlay-type":"","overlay-color":"","overlay-opacity":"","overlay-gradient":""},"tablet":{"background-color":"var(--ast-global-color-5)","background-image":"","background-repeat":"repeat","background-position":"center center","background-size":"auto","background-attachment":"scroll","background-type":"","background-media":"","overlay-type":"","overlay-color":"","overlay-opacity":"","overlay-gradient":""},"mobile":{"background-color":"var(--ast-global-color-5)","background-image":"","background-repeat":"repeat","background-position":"center center","background-size":"auto","background-attachment":"scroll","background-type":"","background-media":"","overlay-type":"","overlay-color":"","overlay-opacity":"","overlay-gradient":""}},"footnotes":""},"categories":[53],"tags":[],"class_list":["post-8289","post","type-post","status-publish","format-standard","has-post-thumbnail","hentry","category-ultimas-noticias"],"_links":{"self":[{"href":"https:\/\/edus.gov.co\/en\/wp-json\/wp\/v2\/posts\/8289","targetHints":{"allow":["GET"]}}],"collection":[{"href":"https:\/\/edus.gov.co\/en\/wp-json\/wp\/v2\/posts"}],"about":[{"href":"https:\/\/edus.gov.co\/en\/wp-json\/wp\/v2\/types\/post"}],"author":[{"embeddable":true,"href":"https:\/\/edus.gov.co\/en\/wp-json\/wp\/v2\/users\/17"}],"replies":[{"embeddable":true,"href":"https:\/\/edus.gov.co\/en\/wp-json\/wp\/v2\/comments?post=8289"}],"version-history":[{"count":5,"href":"https:\/\/edus.gov.co\/en\/wp-json\/wp\/v2\/posts\/8289\/revisions"}],"predecessor-version":[{"id":8295,"href":"https:\/\/edus.gov.co\/en\/wp-json\/wp\/v2\/posts\/8289\/revisions\/8295"}],"wp:featuredmedia":[{"embeddable":true,"href":"https:\/\/edus.gov.co\/en\/wp-json\/wp\/v2\/media\/8290"}],"wp:attachment":[{"href":"https:\/\/edus.gov.co\/en\/wp-json\/wp\/v2\/media?parent=8289"}],"wp:term":[{"taxonomy":"category","embeddable":true,"href":"https:\/\/edus.gov.co\/en\/wp-json\/wp\/v2\/categories?post=8289"},{"taxonomy":"post_tag","embeddable":true,"href":"https:\/\/edus.gov.co\/en\/wp-json\/wp\/v2\/tags?post=8289"}],"curies":[{"name":"wp","href":"https:\/\/api.w.org\/{rel}","templated":true}]}}