{"id":8281,"date":"2021-09-02T14:59:00","date_gmt":"2021-09-02T14:59:00","guid":{"rendered":"https:\/\/edus.gov.co\/?p=8281"},"modified":"2021-09-06T15:28:45","modified_gmt":"2021-09-06T15:28:45","slug":"la-remodelacion-del-camellon-de-el-rodadero-avanza-en-un-41-alcaldesa-virna-johnson","status":"publish","type":"post","link":"https:\/\/edus.gov.co\/en\/la-remodelacion-del-camellon-de-el-rodadero-avanza-en-un-41-alcaldesa-virna-johnson\/","title":{"rendered":"\u201cLa remodelaci\u00f3n del Camell\u00f3n de El Rodadero avanza en un 41%\u201d: Alcaldesa Virna Johnson"},"content":{"rendered":"<div data-elementor-type=\"wp-post\" data-elementor-id=\"8281\" class=\"elementor elementor-8281\" data-elementor-post-type=\"post\">\n\t\t\t\t\t\t<section class=\"elementor-section elementor-top-section elementor-element elementor-element-687bb192 elementor-section-boxed elementor-section-height-default elementor-section-height-default\" data-id=\"687bb192\" data-element_type=\"section\">\n\t\t\t\t\t\t<div class=\"elementor-container elementor-column-gap-default\">\n\t\t\t\t\t<div class=\"elementor-column elementor-col-100 elementor-top-column elementor-element elementor-element-4f30bfab\" data-id=\"4f30bfab\" data-element_type=\"column\">\n\t\t\t<div class=\"elementor-widget-wrap elementor-element-populated\">\n\t\t\t\t\t\t<div class=\"elementor-element elementor-element-2330fad3 elementor-widget elementor-widget-text-editor\" data-id=\"2330fad3\" data-element_type=\"widget\" data-widget_type=\"text-editor.default\">\n\t\t\t\t<div class=\"elementor-widget-container\">\n\t\t\t\t\t\t\t\t\t<p style=\"font-weight: 400;\"><em>*Los turistas destacaron la peatonalizaci\u00f3n de la carrera Primera, lo que permite disfrutar el paisaje y los nuevos atractivos del sector.\u00a0<\/em><\/p><p style=\"font-weight: 400;\">La alcaldesa Virna Johnson inspeccion\u00f3 las obras de la carrera Primera entre las calles 9 y 11 del Camell\u00f3n de El Rodadero, donde constat\u00f3 un avance del 41% en el proyecto de remodelaci\u00f3n de la estructura, donde ya se instalaron las nuevas redes de acueducto y el sistema de alcantarillado; se construy\u00f3 el box culvert y habilit\u00f3 el espacio p\u00fablico para garantizar la movilidad de los ciudadanos y los visitantes.\u00a0\u00a0<\/p><p style=\"font-weight: 400;\">Esta obra de la Alcald\u00eda Distrital es ejecutada por la Empresa de Desarrollo y Renovaci\u00f3n Urbano Sostenible de Santa Marta, EDUS.\u00a0<\/p><p style=\"font-weight: 400;\">La mandataria de los samarios destac\u00f3 el componente de formalizaci\u00f3n de las actividades en el Camell\u00f3n, a trav\u00e9s de la instalaci\u00f3n de 30 m\u00f3dulos comerciales, 12 unidades de ba\u00f1os, cuatro puntos de informaci\u00f3n tur\u00edstica, 1 CAI\u00a0\u00a0y 1 punto para las escuelas n\u00e1uticas y de buceo.\u00a0\u00a0<\/p><p style=\"font-weight: 400;\">Indic\u00f3 que en este proyecto del cambio se han generado 300 empleos, entre directos e indirectos, con enfoque de g\u00e9nero, contribuyendo al sostenimiento de muchos hogares de la ciudad.\u00a0\u00a0<\/p><p style=\"font-weight: 400;\">\u201cHemos dicho que la reconstrucci\u00f3n del Camell\u00f3n de El Rodadero incluye la peatonalizaci\u00f3n completa de la carrera Primera, por lo que no podr\u00e1n ingresar los carros, s\u00f3lo quienes habiten en el sector. El espacio p\u00fablico se ampl\u00eda para el disfrute de todos\u201d, dijo la Alcaldesa.\u00a0<\/p><p style=\"font-weight: 400;\">\u00a0<\/p><p style=\"font-weight: 400;\">El proyecto tambi\u00e9n cuenta con un dise\u00f1o universal incluyente, con losetas podot\u00e1ctiles, rampas\u00a0\u00a0y espacios adaptados para las personas con movilidad reducida, madres con menores de edad y personas de la tercera edad.\u00a0\u00a0<\/p><p style=\"font-weight: 400;\">La alcaldesa Virna Johnson resalt\u00f3 el componente ambiental del proyecto, que contribuye con la conservaci\u00f3n de las especies de flora del sector y el fomento de zonas verdes con la siembra de 80 \u00e1rboles nativos nuevos, que impulsan el cuidado del medio ambiente. Adicionalmente, mencion\u00f3 que el Camell\u00f3n tendr\u00e1 dos tanques de captaci\u00f3n, que contribuir\u00e1n al abastecimiento de agua de los m\u00f3dulos comerciales y unidades sanitarias; y la instalaci\u00f3n de luminarias led de \u00faltima tecnolog\u00eda.\u00a0<\/p><p style=\"font-weight: 400;\">Dagoberto Ospina, gerente de la EDUS, explic\u00f3 que el plan de obras se dise\u00f1\u00f3 para terminar el Camell\u00f3n a finales de a\u00f1o (diciembre), para que la comunidad cuente con un nuevo escenario para ampliar la oferta comercial y tur\u00edstica.\u00a0\u00a0\u00a0<\/p><p style=\"font-weight: 400;\">\u201cPor efectos de la reactivaci\u00f3n econ\u00f3mica tras la pandemia trabajamos en fases, ya la primera fase est\u00e1 terminada. Ahora, para continuar la segunda fase, acordamos con el sector comercial hacer el cerramiento total\u00a0\u00a0desde la calle 9 hasta el canal de Las Iguanas\u00a0para terminar completamente las obras del espacio p\u00fablico y redes; y a finales de a\u00f1o hacer los acabados e instalar el mobiliario. Mantenemos el compromiso y trabajamos para que esto sea una realidad\u201d, dijo el Gerente de la EDUS.\u00a0\u00a0<\/p><p style=\"font-weight: 400;\">Los integrantes del Comit\u00e9 de Obras, Gloria Luz C\u00f3rdoba, Danilo Jos\u00e9 Urina y el ni\u00f1o Samuel David; varios turistas entre quienes se encuentra Stefany Palacios y el comerciante, Jos\u00e9 Castillo, destacaron la importancia del proyecto, los avances en la infraestructura, los detalles de la obra y el cambio que se nota en el sector.\u00a0\u00a0<\/p><p style=\"font-weight: 400;\">Finalmente, la Alcaldesa reiter\u00f3 en que los dos camellones que se construyen y entregar\u00e1n a finales de este a\u00f1o, les permitir\u00e1n a los turistas tener un espacio digno para disfrutar de los atardeceres y los paisajes de la ciudad; aumentar\u00e1n la competitividad y la reactivaci\u00f3n econ\u00f3mica, y ampliar\u00e1 la oferta comercial y tur\u00edstica de la ciudad.\u00a0\u00a0<\/p><p style=\"font-weight: 400;\">\u201cEstos camellones son pensados para la mayor\u00eda; honramos la palabra con la ejecuci\u00f3n de las obras innovadoras e incluyentes y entregaremos nuevas infraestructuras a la ciudad con estos proyectos que vision\u00f3 el actual Gobernador, Carlos Caicedo cuando era alcalde; los dej\u00f3 planificados Rafael Mart\u00ednez y los iniciamos en este gobierno\u201d, enfatiz\u00f3 la Alcaldesa.<\/p>\t\t\t\t\t\t\t\t<\/div>\n\t\t\t\t<\/div>\n\t\t\t\t\t<\/div>\n\t\t<\/div>\n\t\t\t\t\t<\/div>\n\t\t<\/section>\n\t\t\t\t<section class=\"elementor-section elementor-top-section elementor-element elementor-element-c0d47f5 elementor-section-full_width elementor-section-stretched elementor-section-height-default elementor-section-height-default\" data-id=\"c0d47f5\" data-element_type=\"section\" data-settings=\"{&quot;stretch_section&quot;:&quot;section-stretched&quot;}\">\n\t\t\t\t\t\t\t<div class=\"elementor-background-overlay\"><\/div>\n\t\t\t\t\t\t\t<div class=\"elementor-container elementor-column-gap-default\">\n\t\t\t\t\t<div class=\"elementor-column elementor-col-100 elementor-top-column elementor-element elementor-element-b3f40b9\" data-id=\"b3f40b9\" data-element_type=\"column\">\n\t\t\t<div class=\"elementor-widget-wrap elementor-element-populated\">\n\t\t\t\t\t\t<div class=\"elementor-element elementor-element-939a1e2 elementor-widget elementor-widget-heading\" data-id=\"939a1e2\" data-element_type=\"widget\" data-widget_type=\"heading.default\">\n\t\t\t\t<div class=\"elementor-widget-container\">\n\t\t\t\t\t<h3 class=\"elementor-heading-title elementor-size-default\">\u00daltimas Noticias<\/h3>\t\t\t\t<\/div>\n\t\t\t\t<\/div>\n\t\t\t\t\t<\/div>\n\t\t<\/div>\n\t\t\t\t\t<\/div>\n\t\t<\/section>\n\t\t\t\t<\/div>","protected":false},"excerpt":{"rendered":"<p>*Los turistas destacaron la peatonalizaci\u00f3n de la carrera Primera, lo que permite disfrutar el paisaje y los nuevos atractivos del sector.&nbsp; La alcaldesa Virna Johnson inspeccion\u00f3 las obras de la carrera Primera entre las calles 9 y 11 del Camell\u00f3n de El Rodadero, donde constat\u00f3 un avance del 41% en el proyecto de remodelaci\u00f3n de [&hellip;]<\/p>","protected":false},"author":17,"featured_media":8282,"comment_status":"closed","ping_status":"closed","sticky":false,"template":"","format":"standard","meta":{"site-sidebar-layout":"default","site-content-layout":"","ast-site-content-layout":"default","site-content-style":"default","site-sidebar-style":"default","ast-global-header-display":"","ast-banner-title-visibility":"","ast-main-header-display":"","ast-hfb-above-header-display":"","ast-hfb-below-header-display":"","ast-hfb-mobile-header-display":"","site-post-title":"","ast-breadcrumbs-content":"","ast-featured-img":"","footer-sml-layout":"","ast-disable-related-posts":"","theme-transparent-header-meta":"","adv-header-id-meta":"","stick-header-meta":"","header-above-stick-meta":"","header-main-stick-meta":"","header-below-stick-meta":"","astra-migrate-meta-layouts":"default","ast-page-background-enabled":"default","ast-page-background-meta":{"desktop":{"background-color":"var(--ast-global-color-4)","background-image":"","background-repeat":"repeat","background-position":"center center","background-size":"auto","background-attachment":"scroll","background-type":"","background-media":"","overlay-type":"","overlay-color":"","overlay-opacity":"","overlay-gradient":""},"tablet":{"background-color":"","background-image":"","background-repeat":"repeat","background-position":"center center","background-size":"auto","background-attachment":"scroll","background-type":"","background-media":"","overlay-type":"","overlay-color":"","overlay-opacity":"","overlay-gradient":""},"mobile":{"background-color":"","background-image":"","background-repeat":"repeat","background-position":"center center","background-size":"auto","background-attachment":"scroll","background-type":"","background-media":"","overlay-type":"","overlay-color":"","overlay-opacity":"","overlay-gradient":""}},"ast-content-background-meta":{"desktop":{"background-color":"var(--ast-global-color-5)","background-image":"","background-repeat":"repeat","background-position":"center center","background-size":"auto","background-attachment":"scroll","background-type":"","background-media":"","overlay-type":"","overlay-color":"","overlay-opacity":"","overlay-gradient":""},"tablet":{"background-color":"var(--ast-global-color-5)","background-image":"","background-repeat":"repeat","background-position":"center center","background-size":"auto","background-attachment":"scroll","background-type":"","background-media":"","overlay-type":"","overlay-color":"","overlay-opacity":"","overlay-gradient":""},"mobile":{"background-color":"var(--ast-global-color-5)","background-image":"","background-repeat":"repeat","background-position":"center center","background-size":"auto","background-attachment":"scroll","background-type":"","background-media":"","overlay-type":"","overlay-color":"","overlay-opacity":"","overlay-gradient":""}},"footnotes":""},"categories":[53],"tags":[],"class_list":["post-8281","post","type-post","status-publish","format-standard","has-post-thumbnail","hentry","category-ultimas-noticias"],"_links":{"self":[{"href":"https:\/\/edus.gov.co\/en\/wp-json\/wp\/v2\/posts\/8281","targetHints":{"allow":["GET"]}}],"collection":[{"href":"https:\/\/edus.gov.co\/en\/wp-json\/wp\/v2\/posts"}],"about":[{"href":"https:\/\/edus.gov.co\/en\/wp-json\/wp\/v2\/types\/post"}],"author":[{"embeddable":true,"href":"https:\/\/edus.gov.co\/en\/wp-json\/wp\/v2\/users\/17"}],"replies":[{"embeddable":true,"href":"https:\/\/edus.gov.co\/en\/wp-json\/wp\/v2\/comments?post=8281"}],"version-history":[{"count":5,"href":"https:\/\/edus.gov.co\/en\/wp-json\/wp\/v2\/posts\/8281\/revisions"}],"predecessor-version":[{"id":8287,"href":"https:\/\/edus.gov.co\/en\/wp-json\/wp\/v2\/posts\/8281\/revisions\/8287"}],"wp:featuredmedia":[{"embeddable":true,"href":"https:\/\/edus.gov.co\/en\/wp-json\/wp\/v2\/media\/8282"}],"wp:attachment":[{"href":"https:\/\/edus.gov.co\/en\/wp-json\/wp\/v2\/media?parent=8281"}],"wp:term":[{"taxonomy":"category","embeddable":true,"href":"https:\/\/edus.gov.co\/en\/wp-json\/wp\/v2\/categories?post=8281"},{"taxonomy":"post_tag","embeddable":true,"href":"https:\/\/edus.gov.co\/en\/wp-json\/wp\/v2\/tags?post=8281"}],"curies":[{"name":"wp","href":"https:\/\/api.w.org\/{rel}","templated":true}]}}