{"id":8274,"date":"2021-08-30T14:09:00","date_gmt":"2021-08-30T14:09:00","guid":{"rendered":"https:\/\/edus.gov.co\/?p=8274"},"modified":"2021-08-31T14:13:34","modified_gmt":"2021-08-31T14:13:34","slug":"el-camellon-de-el-rodadero-es-una-obra-innovadora-incluyente-y-sostenible-alcaldesa-virna-johnson","status":"publish","type":"post","link":"https:\/\/edus.gov.co\/en\/el-camellon-de-el-rodadero-es-una-obra-innovadora-incluyente-y-sostenible-alcaldesa-virna-johnson\/","title":{"rendered":"\u201cEl Camell\u00f3n de El Rodadero es una obra innovadora, incluyente y sostenible\u201d: Alcaldesa Virna Johnson"},"content":{"rendered":"<div data-elementor-type=\"wp-post\" data-elementor-id=\"8274\" class=\"elementor elementor-8274\" data-elementor-post-type=\"post\">\n\t\t\t\t\t\t<section class=\"elementor-section elementor-top-section elementor-element elementor-element-687bb192 elementor-section-boxed elementor-section-height-default elementor-section-height-default\" data-id=\"687bb192\" data-element_type=\"section\">\n\t\t\t\t\t\t<div class=\"elementor-container elementor-column-gap-default\">\n\t\t\t\t\t<div class=\"elementor-column elementor-col-100 elementor-top-column elementor-element elementor-element-4f30bfab\" data-id=\"4f30bfab\" data-element_type=\"column\">\n\t\t\t<div class=\"elementor-widget-wrap elementor-element-populated\">\n\t\t\t\t\t\t<div class=\"elementor-element elementor-element-2330fad3 elementor-widget elementor-widget-text-editor\" data-id=\"2330fad3\" data-element_type=\"widget\" data-widget_type=\"text-editor.default\">\n\t\t\t\t<div class=\"elementor-widget-container\">\n\t\t\t\t\t\t\t\t\t<p style=\"font-weight: 400;\">La alcaldesa Virna Johnson dio a conocer que el proyecto de remodelaci\u00f3n del Camell\u00f3n de El Rodadero, avanza a excelente ritmo como parte de una estructura moderna, innovadora, incluyente y sostenible que disfrutar\u00e1n los residentes,\u00a0prestadores de servicios tur\u00edsticos y visitantes nacionales e internacionales.\u00a0\u00a0<\/p><p style=\"font-weight: 400;\">Este proyecto de la Alcald\u00eda Distrital es ejecutado a trav\u00e9s de la Empresa de Desarrollo y Renovaci\u00f3n Urbano Sostenible de Santa Marta, EDUS.\u00a0<\/p><p style=\"font-weight: 400;\">La infraestructura generar\u00e1 nuevas din\u00e1micas en el sector en materia de turismo, comercio, recreaci\u00f3n, deporte y entretenimiento de El Rodadero, con la dotaci\u00f3n de\u00a0mobiliario y espacios p\u00fablicos para el desarrollo de diversas actividades.\u00a0\u00a0<\/p><p style=\"font-weight: 400;\">\u00a0<\/p><p style=\"font-weight: 400;\">En el Camell\u00f3n ya se puede apreciar la pavimentaci\u00f3n de las carreras Primera y Segunda con calle 11 y el tramo de la calle 11 hasta la 9, con carrera Primera. Adem\u00e1s, se construy\u00f3 la ciclorruta, el and\u00e9n peatonal, el box culvert, las redes de acueducto y el sistema de alcantarillado.\u00a0\u00a0<\/p><p style=\"font-weight: 400;\">En este trayecto tambi\u00e9n se han instalado losetas de 40&#215;40 cent\u00edmetros, con un dise\u00f1o ajedrezado vanguardista, que constituye la v\u00eda de la carrera Primera, la cual podr\u00e1 ser disfrutada por los samarios, residentes y turistas.\u00a0\u00a0<\/p><p style=\"font-weight: 400;\">Un aspecto innovador del proyecto en el cual se est\u00e1 trabajando, son los decks o zonas de permanencia, donde se encuentran espacios para la contemplaci\u00f3n del paisaje y \u00e1reas para la realizaci\u00f3n de actividades f\u00edsicas. Estas estructuras instaladas al aire libre cambiar\u00e1n las din\u00e1micas y ampliar\u00e1n los atractivos del sector tur\u00edstico.\u00a0\u00a0<\/p><p style=\"font-weight: 400;\">El Camell\u00f3n de El Rodadero incluye un componente ambiental, que contempla la siembra de \u00e1rboles de especies nativas, que se instalar\u00e1n en la zona cuando se terminen las obras civiles, garantizando la generaci\u00f3n de sombra, el h\u00e1bitat para las especies de fauna, microclimas, entre otras condiciones naturales para el sector. Adicionalmente, la obra contar\u00e1 con paneles solares y tanques de captaci\u00f3n de agua para el sistema de riego.\u00a0\u00a0\u00a0<\/p><p style=\"font-weight: 400;\">Este proyecto liderado por la alcaldesa Virna Johnson, le cambiar\u00e1 la presentaci\u00f3n al Camell\u00f3n, generar\u00e1 mejores condiciones para los prestadores de servicios tur\u00edsticos; ser\u00e1 un nuevo atractivo para los visitantes nacionales y extranjeros, y convertir\u00e1 a El Rodadero en un destino m\u00e1s competitivo en materia tur\u00edstica, comercial y recreativa.<\/p>\t\t\t\t\t\t\t\t<\/div>\n\t\t\t\t<\/div>\n\t\t\t\t\t<\/div>\n\t\t<\/div>\n\t\t\t\t\t<\/div>\n\t\t<\/section>\n\t\t\t\t<section class=\"elementor-section elementor-top-section elementor-element elementor-element-c0d47f5 elementor-section-full_width elementor-section-stretched elementor-section-height-default elementor-section-height-default\" data-id=\"c0d47f5\" data-element_type=\"section\" data-settings=\"{&quot;stretch_section&quot;:&quot;section-stretched&quot;}\">\n\t\t\t\t\t\t\t<div class=\"elementor-background-overlay\"><\/div>\n\t\t\t\t\t\t\t<div class=\"elementor-container elementor-column-gap-default\">\n\t\t\t\t\t<div class=\"elementor-column elementor-col-100 elementor-top-column elementor-element elementor-element-b3f40b9\" data-id=\"b3f40b9\" data-element_type=\"column\">\n\t\t\t<div class=\"elementor-widget-wrap elementor-element-populated\">\n\t\t\t\t\t\t<div class=\"elementor-element elementor-element-939a1e2 elementor-widget elementor-widget-heading\" data-id=\"939a1e2\" data-element_type=\"widget\" data-widget_type=\"heading.default\">\n\t\t\t\t<div class=\"elementor-widget-container\">\n\t\t\t\t\t<h3 class=\"elementor-heading-title elementor-size-default\">\u00daltimas Noticias<\/h3>\t\t\t\t<\/div>\n\t\t\t\t<\/div>\n\t\t\t\t\t<\/div>\n\t\t<\/div>\n\t\t\t\t\t<\/div>\n\t\t<\/section>\n\t\t\t\t<\/div>","protected":false},"excerpt":{"rendered":"<p>La alcaldesa Virna Johnson dio a conocer que el proyecto de remodelaci\u00f3n del Camell\u00f3n de El Rodadero, avanza a excelente ritmo como parte de una estructura moderna, innovadora, incluyente y sostenible que disfrutar\u00e1n los residentes,&nbsp;prestadores de servicios tur\u00edsticos y visitantes nacionales e internacionales.&nbsp;&nbsp; Este proyecto de la Alcald\u00eda Distrital es ejecutado a trav\u00e9s de la [&hellip;]<\/p>","protected":false},"author":17,"featured_media":8275,"comment_status":"closed","ping_status":"closed","sticky":false,"template":"","format":"standard","meta":{"site-sidebar-layout":"default","site-content-layout":"","ast-site-content-layout":"default","site-content-style":"default","site-sidebar-style":"default","ast-global-header-display":"","ast-banner-title-visibility":"","ast-main-header-display":"","ast-hfb-above-header-display":"","ast-hfb-below-header-display":"","ast-hfb-mobile-header-display":"","site-post-title":"","ast-breadcrumbs-content":"","ast-featured-img":"","footer-sml-layout":"","ast-disable-related-posts":"","theme-transparent-header-meta":"","adv-header-id-meta":"","stick-header-meta":"","header-above-stick-meta":"","header-main-stick-meta":"","header-below-stick-meta":"","astra-migrate-meta-layouts":"default","ast-page-background-enabled":"default","ast-page-background-meta":{"desktop":{"background-color":"var(--ast-global-color-4)","background-image":"","background-repeat":"repeat","background-position":"center center","background-size":"auto","background-attachment":"scroll","background-type":"","background-media":"","overlay-type":"","overlay-color":"","overlay-opacity":"","overlay-gradient":""},"tablet":{"background-color":"","background-image":"","background-repeat":"repeat","background-position":"center center","background-size":"auto","background-attachment":"scroll","background-type":"","background-media":"","overlay-type":"","overlay-color":"","overlay-opacity":"","overlay-gradient":""},"mobile":{"background-color":"","background-image":"","background-repeat":"repeat","background-position":"center center","background-size":"auto","background-attachment":"scroll","background-type":"","background-media":"","overlay-type":"","overlay-color":"","overlay-opacity":"","overlay-gradient":""}},"ast-content-background-meta":{"desktop":{"background-color":"var(--ast-global-color-5)","background-image":"","background-repeat":"repeat","background-position":"center center","background-size":"auto","background-attachment":"scroll","background-type":"","background-media":"","overlay-type":"","overlay-color":"","overlay-opacity":"","overlay-gradient":""},"tablet":{"background-color":"var(--ast-global-color-5)","background-image":"","background-repeat":"repeat","background-position":"center center","background-size":"auto","background-attachment":"scroll","background-type":"","background-media":"","overlay-type":"","overlay-color":"","overlay-opacity":"","overlay-gradient":""},"mobile":{"background-color":"var(--ast-global-color-5)","background-image":"","background-repeat":"repeat","background-position":"center center","background-size":"auto","background-attachment":"scroll","background-type":"","background-media":"","overlay-type":"","overlay-color":"","overlay-opacity":"","overlay-gradient":""}},"footnotes":""},"categories":[53],"tags":[],"class_list":["post-8274","post","type-post","status-publish","format-standard","has-post-thumbnail","hentry","category-ultimas-noticias"],"_links":{"self":[{"href":"https:\/\/edus.gov.co\/en\/wp-json\/wp\/v2\/posts\/8274","targetHints":{"allow":["GET"]}}],"collection":[{"href":"https:\/\/edus.gov.co\/en\/wp-json\/wp\/v2\/posts"}],"about":[{"href":"https:\/\/edus.gov.co\/en\/wp-json\/wp\/v2\/types\/post"}],"author":[{"embeddable":true,"href":"https:\/\/edus.gov.co\/en\/wp-json\/wp\/v2\/users\/17"}],"replies":[{"embeddable":true,"href":"https:\/\/edus.gov.co\/en\/wp-json\/wp\/v2\/comments?post=8274"}],"version-history":[{"count":5,"href":"https:\/\/edus.gov.co\/en\/wp-json\/wp\/v2\/posts\/8274\/revisions"}],"predecessor-version":[{"id":8280,"href":"https:\/\/edus.gov.co\/en\/wp-json\/wp\/v2\/posts\/8274\/revisions\/8280"}],"wp:featuredmedia":[{"embeddable":true,"href":"https:\/\/edus.gov.co\/en\/wp-json\/wp\/v2\/media\/8275"}],"wp:attachment":[{"href":"https:\/\/edus.gov.co\/en\/wp-json\/wp\/v2\/media?parent=8274"}],"wp:term":[{"taxonomy":"category","embeddable":true,"href":"https:\/\/edus.gov.co\/en\/wp-json\/wp\/v2\/categories?post=8274"},{"taxonomy":"post_tag","embeddable":true,"href":"https:\/\/edus.gov.co\/en\/wp-json\/wp\/v2\/tags?post=8274"}],"curies":[{"name":"wp","href":"https:\/\/api.w.org\/{rel}","templated":true}]}}