{"id":8266,"date":"2021-08-19T20:34:28","date_gmt":"2021-08-19T20:34:28","guid":{"rendered":"https:\/\/edus.gov.co\/?p=8266"},"modified":"2021-08-19T20:44:08","modified_gmt":"2021-08-19T20:44:08","slug":"alcaldia-socializa-reubicacion-de-los-artesanos-en-los-modulos-del-camellon-de-la-bahia","status":"publish","type":"post","link":"https:\/\/edus.gov.co\/en\/alcaldia-socializa-reubicacion-de-los-artesanos-en-los-modulos-del-camellon-de-la-bahia\/","title":{"rendered":"Alcald\u00eda socializa reubicaci\u00f3n de los artesanos en los m\u00f3dulos del Camell\u00f3n de la Bah\u00eda"},"content":{"rendered":"<div data-elementor-type=\"wp-post\" data-elementor-id=\"8266\" class=\"elementor elementor-8266\" data-elementor-post-type=\"post\">\n\t\t\t\t\t\t<section class=\"elementor-section elementor-top-section elementor-element elementor-element-687bb192 elementor-section-boxed elementor-section-height-default elementor-section-height-default\" data-id=\"687bb192\" data-element_type=\"section\">\n\t\t\t\t\t\t<div class=\"elementor-container elementor-column-gap-default\">\n\t\t\t\t\t<div class=\"elementor-column elementor-col-100 elementor-top-column elementor-element elementor-element-4f30bfab\" data-id=\"4f30bfab\" data-element_type=\"column\">\n\t\t\t<div class=\"elementor-widget-wrap elementor-element-populated\">\n\t\t\t\t\t\t<div class=\"elementor-element elementor-element-2330fad3 elementor-widget elementor-widget-text-editor\" data-id=\"2330fad3\" data-element_type=\"widget\" data-widget_type=\"text-editor.default\">\n\t\t\t\t<div class=\"elementor-widget-container\">\n\t\t\t\t\t\t\t\t\t<p style=\"font-weight: 400;\">Por directriz de la alcaldesa Virna Johnson, los secretarios de Gobierno y de Desarrollo Econ\u00f3mico, al igual que la Gerencia de la Empresa de Desarrollo y Renovaci\u00f3n Urbano Sostenible de Santa Marta, EDUS,\u00a0socializaron la reubicaci\u00f3n de los artesanos en los m\u00f3dulos del Camell\u00f3n de la Bah\u00eda.\u00a0\u00a0<\/p><p style=\"font-weight: 400;\">A los artesanos se les presentaron los m\u00f3dulos, que se construyeron\u00a0como parte del proyecto de recuperaci\u00f3n del Camell\u00f3n, los cuales se les entregar\u00e1 en calidad\u00a0de comodato, garantizando el desarrollo de sus actividades en condiciones dignas.\u00a0\u00a0<\/p><p style=\"font-weight: 400;\">A este gremio, la Administraci\u00f3n Distrital le garantizar\u00e1 el acompa\u00f1amiento para su formalizaci\u00f3n y organizaci\u00f3n, a trav\u00e9s de la conformaci\u00f3n de asociaciones de peque\u00f1os empresarios de las artesan\u00edas.\u00a0\u00a0<\/p><p style=\"font-weight: 400;\">Esta zona cuenta con un alto potencial tur\u00edstico, comercial, hist\u00f3rico y cultural; genera muchas oportunidades para los artesanos, vendedores y empresarios, que realicen sus actividades.\u00a0<\/p><p style=\"font-weight: 400;\">Los m\u00f3dulos cuentan con una estructura arquitect\u00f3nicamente\u00a0atractiva; est\u00e1n rodeados por \u00e1rboles que generan sombra, tiene una tarima para presentaciones art\u00edsticas, musicales y culturales, bajo las medidas de bioseguridad. Adem\u00e1s, se garantizar\u00e1 presencia policial, promoci\u00f3n del sector y acciones para estimular la visita de los samarios, residentes y visitantes nacionales y extranjeros.\u00a0\u00a0\u00a0<\/p><p style=\"font-weight: 400;\">Los artesanos recibieron con mucha satisfacci\u00f3n esta noticia y agradecieron a la alcaldesa Virna Johnson la oportunidad que se generar\u00e1 con su reubicaci\u00f3n en los m\u00f3dulos comerciales del Camell\u00f3n de la Bah\u00eda.\u00a0\u00a0<\/p><p style=\"font-weight: 400;\">Rosa Rodr\u00edguez, artesana del sector de la Bah\u00eda, dijo \u201cme pareci\u00f3 muy bonito el trabajo que hizo el Distrito. Est\u00e1 muy elegante el proyecto, le damos gracias a Dios. Ahora nos vamos a asociar para laborar en conjunto\u201d.\u00a0\u00a0<\/p><p style=\"font-weight: 400;\">Agreg\u00f3 \u201cestoy muy agradecida con Dios, la Alcaldesa y el Distrito por este proyecto porque hemos sufrido mucho con el agua y el sol en las calles. Es bueno que nos tengan en cuenta, porque este lugar ser\u00e1 el estrellato del futuro\u201d.\u00a0\u00a0<\/p><p style=\"font-weight: 400;\">La artesana Liliana Fierro agradeci\u00f3 la presentaci\u00f3n del proyecto expresando \u201cme pareci\u00f3 muy hermoso, me quedo corta de palabras porque ser\u00e1 algo que nos ayudar\u00e1 culturalmente. Los m\u00f3dulos est\u00e1n bonitos, bien hechos y organizados.\u00a0\u00a0<\/p><p style=\"font-weight: 400;\">Los artesanos manifestaron que el Camell\u00f3n luce diferentes; la infraestructura est\u00e1 muy bonita, cuenta con zonas verdes y \u00e1rboles nativos; tiene espacio para caminar,\u00a0zonas para desarrollar varias actividades deportivas recreativas, culturales y sociales, y se garantizar\u00e1 el acceso a los ciudadanos con movilidad reducida.<\/p>\t\t\t\t\t\t\t\t<\/div>\n\t\t\t\t<\/div>\n\t\t\t\t\t<\/div>\n\t\t<\/div>\n\t\t\t\t\t<\/div>\n\t\t<\/section>\n\t\t\t\t<section class=\"elementor-section elementor-top-section elementor-element elementor-element-c0d47f5 elementor-section-full_width elementor-section-stretched elementor-section-height-default elementor-section-height-default\" data-id=\"c0d47f5\" data-element_type=\"section\" data-settings=\"{&quot;stretch_section&quot;:&quot;section-stretched&quot;}\">\n\t\t\t\t\t\t\t<div class=\"elementor-background-overlay\"><\/div>\n\t\t\t\t\t\t\t<div class=\"elementor-container elementor-column-gap-default\">\n\t\t\t\t\t<div class=\"elementor-column elementor-col-100 elementor-top-column elementor-element elementor-element-b3f40b9\" data-id=\"b3f40b9\" data-element_type=\"column\">\n\t\t\t<div class=\"elementor-widget-wrap elementor-element-populated\">\n\t\t\t\t\t\t<div class=\"elementor-element elementor-element-939a1e2 elementor-widget elementor-widget-heading\" data-id=\"939a1e2\" data-element_type=\"widget\" data-widget_type=\"heading.default\">\n\t\t\t\t<div class=\"elementor-widget-container\">\n\t\t\t\t\t<h3 class=\"elementor-heading-title elementor-size-default\">\u00daltimas Noticias<\/h3>\t\t\t\t<\/div>\n\t\t\t\t<\/div>\n\t\t\t\t\t<\/div>\n\t\t<\/div>\n\t\t\t\t\t<\/div>\n\t\t<\/section>\n\t\t\t\t<\/div>","protected":false},"excerpt":{"rendered":"<p>Por directriz de la alcaldesa Virna Johnson, los secretarios de Gobierno y de Desarrollo Econ\u00f3mico, al igual que la Gerencia de la Empresa de Desarrollo y Renovaci\u00f3n Urbano Sostenible de Santa Marta, EDUS,&nbsp;socializaron la reubicaci\u00f3n de los artesanos en los m\u00f3dulos del Camell\u00f3n de la Bah\u00eda.&nbsp;&nbsp; A los artesanos se les presentaron los m\u00f3dulos, que [&hellip;]<\/p>","protected":false},"author":17,"featured_media":8267,"comment_status":"closed","ping_status":"closed","sticky":false,"template":"","format":"standard","meta":{"site-sidebar-layout":"default","site-content-layout":"","ast-site-content-layout":"default","site-content-style":"default","site-sidebar-style":"default","ast-global-header-display":"","ast-banner-title-visibility":"","ast-main-header-display":"","ast-hfb-above-header-display":"","ast-hfb-below-header-display":"","ast-hfb-mobile-header-display":"","site-post-title":"","ast-breadcrumbs-content":"","ast-featured-img":"","footer-sml-layout":"","ast-disable-related-posts":"","theme-transparent-header-meta":"","adv-header-id-meta":"","stick-header-meta":"","header-above-stick-meta":"","header-main-stick-meta":"","header-below-stick-meta":"","astra-migrate-meta-layouts":"default","ast-page-background-enabled":"default","ast-page-background-meta":{"desktop":{"background-color":"var(--ast-global-color-4)","background-image":"","background-repeat":"repeat","background-position":"center center","background-size":"auto","background-attachment":"scroll","background-type":"","background-media":"","overlay-type":"","overlay-color":"","overlay-opacity":"","overlay-gradient":""},"tablet":{"background-color":"","background-image":"","background-repeat":"repeat","background-position":"center center","background-size":"auto","background-attachment":"scroll","background-type":"","background-media":"","overlay-type":"","overlay-color":"","overlay-opacity":"","overlay-gradient":""},"mobile":{"background-color":"","background-image":"","background-repeat":"repeat","background-position":"center center","background-size":"auto","background-attachment":"scroll","background-type":"","background-media":"","overlay-type":"","overlay-color":"","overlay-opacity":"","overlay-gradient":""}},"ast-content-background-meta":{"desktop":{"background-color":"var(--ast-global-color-5)","background-image":"","background-repeat":"repeat","background-position":"center center","background-size":"auto","background-attachment":"scroll","background-type":"","background-media":"","overlay-type":"","overlay-color":"","overlay-opacity":"","overlay-gradient":""},"tablet":{"background-color":"var(--ast-global-color-5)","background-image":"","background-repeat":"repeat","background-position":"center center","background-size":"auto","background-attachment":"scroll","background-type":"","background-media":"","overlay-type":"","overlay-color":"","overlay-opacity":"","overlay-gradient":""},"mobile":{"background-color":"var(--ast-global-color-5)","background-image":"","background-repeat":"repeat","background-position":"center center","background-size":"auto","background-attachment":"scroll","background-type":"","background-media":"","overlay-type":"","overlay-color":"","overlay-opacity":"","overlay-gradient":""}},"footnotes":""},"categories":[53],"tags":[],"class_list":["post-8266","post","type-post","status-publish","format-standard","has-post-thumbnail","hentry","category-ultimas-noticias"],"_links":{"self":[{"href":"https:\/\/edus.gov.co\/en\/wp-json\/wp\/v2\/posts\/8266","targetHints":{"allow":["GET"]}}],"collection":[{"href":"https:\/\/edus.gov.co\/en\/wp-json\/wp\/v2\/posts"}],"about":[{"href":"https:\/\/edus.gov.co\/en\/wp-json\/wp\/v2\/types\/post"}],"author":[{"embeddable":true,"href":"https:\/\/edus.gov.co\/en\/wp-json\/wp\/v2\/users\/17"}],"replies":[{"embeddable":true,"href":"https:\/\/edus.gov.co\/en\/wp-json\/wp\/v2\/comments?post=8266"}],"version-history":[{"count":5,"href":"https:\/\/edus.gov.co\/en\/wp-json\/wp\/v2\/posts\/8266\/revisions"}],"predecessor-version":[{"id":8272,"href":"https:\/\/edus.gov.co\/en\/wp-json\/wp\/v2\/posts\/8266\/revisions\/8272"}],"wp:featuredmedia":[{"embeddable":true,"href":"https:\/\/edus.gov.co\/en\/wp-json\/wp\/v2\/media\/8267"}],"wp:attachment":[{"href":"https:\/\/edus.gov.co\/en\/wp-json\/wp\/v2\/media?parent=8266"}],"wp:term":[{"taxonomy":"category","embeddable":true,"href":"https:\/\/edus.gov.co\/en\/wp-json\/wp\/v2\/categories?post=8266"},{"taxonomy":"post_tag","embeddable":true,"href":"https:\/\/edus.gov.co\/en\/wp-json\/wp\/v2\/tags?post=8266"}],"curies":[{"name":"wp","href":"https:\/\/api.w.org\/{rel}","templated":true}]}}