{"id":8247,"date":"2021-08-11T14:11:00","date_gmt":"2021-08-11T14:11:00","guid":{"rendered":"https:\/\/edus.gov.co\/?p=8247"},"modified":"2021-08-13T14:40:27","modified_gmt":"2021-08-13T14:40:27","slug":"distrito-y-departamento-socializan-ante-los-representantes-de-los-pueblos-indigenas-wiwa-y-kogui-proyectos-que-se-desarrollan-en-la-ciudad","status":"publish","type":"post","link":"https:\/\/edus.gov.co\/en\/distrito-y-departamento-socializan-ante-los-representantes-de-los-pueblos-indigenas-wiwa-y-kogui-proyectos-que-se-desarrollan-en-la-ciudad\/","title":{"rendered":"Distrito y Departamento socializan ante los representantes de los pueblos ind\u00edgenas Wiwa y Kogui proyectos que se desarrollan en la ciudad"},"content":{"rendered":"<div data-elementor-type=\"wp-post\" data-elementor-id=\"8247\" class=\"elementor elementor-8247\" data-elementor-post-type=\"post\">\n\t\t\t\t\t\t<section class=\"elementor-section elementor-top-section elementor-element elementor-element-687bb192 elementor-section-boxed elementor-section-height-default elementor-section-height-default\" data-id=\"687bb192\" data-element_type=\"section\">\n\t\t\t\t\t\t<div class=\"elementor-container elementor-column-gap-default\">\n\t\t\t\t\t<div class=\"elementor-column elementor-col-100 elementor-top-column elementor-element elementor-element-4f30bfab\" data-id=\"4f30bfab\" data-element_type=\"column\">\n\t\t\t<div class=\"elementor-widget-wrap elementor-element-populated\">\n\t\t\t\t\t\t<div class=\"elementor-element elementor-element-2330fad3 elementor-widget elementor-widget-text-editor\" data-id=\"2330fad3\" data-element_type=\"widget\" data-widget_type=\"text-editor.default\">\n\t\t\t\t<div class=\"elementor-widget-container\">\n\t\t\t\t\t\t\t\t\t<p>Ante los representantes de los pueblos ind\u00edgenas Wiwa y Kogui, la Alcald\u00eda Distrital, a trav\u00e9s de la Empresa de Desarrollo y Renovaci\u00f3n Urbano Sostenible de Santa Marta, EDUS, y la Gobernaci\u00f3n del Magdalena socializaron algunos de los proyectos que se realizan en la ciudad, con los cuales se contribuye a la\u00a0recuperaci\u00f3n ambiental, cultural e hist\u00f3rica de la capital del departamento del Magdalena.\u00a0<u><\/u>\u00a0<u><\/u><\/p><p>Uno de estos proyectos es la recuperaci\u00f3n del Camell\u00f3n de la Bah\u00eda,\u00a0donde se han sembrado m\u00e1s de 300 \u00e1rboles nuevos de especies nativas, duplicando la cantidad de individuos; y se instal\u00f3 un corredor verde de 1.700 metros cuadrados, aumentando las zonas verdes para tener m\u00e1s de 4.000 metros en total.<u><\/u>\u00a0<u><\/u><u><\/u>\u00a0<u><\/u><\/p><p>Tambi\u00e9n se habl\u00f3 sobre las estructuras de los m\u00f3dulos tipo maloka, que representan las estructuras de los pueblos ind\u00edgenas, destacando la importancia de su cultura y sus tradiciones.\u00a0<u><\/u>\u00a0<u><\/u><u><\/u>\u00a0<u><\/u><\/p><p>Adem\u00e1s, se habl\u00f3 sobre la recuperaci\u00f3n del frente marino de la Bah\u00eda de Santa Marta y los muelles tur\u00edsticos de la ciudad.\u00a0\u00a0<u><\/u>\u00a0<u><\/u><\/p><p>En este espacio de di\u00e1logo se escuch\u00f3 la opini\u00f3n de los Hermanos Mayores, quienes consideran de vital importancia que los gobiernos Distrital y Departamental tengan en cuenta su visi\u00f3n como autoridad ancestral, su cultura y su visi\u00f3n como pueblos originarios de la Sierra Nevada de Santa Marta, y que velen por el desarrollo de proyectos e iniciativas que contribuyan con el cuidado del territorio y los recursos naturales.<u><\/u>\u00a0<u><\/u><\/p><p><b><u><\/u>\u00a0<\/b><\/p>\t\t\t\t\t\t\t\t<\/div>\n\t\t\t\t<\/div>\n\t\t\t\t\t<\/div>\n\t\t<\/div>\n\t\t\t\t\t<\/div>\n\t\t<\/section>\n\t\t\t\t<section class=\"elementor-section elementor-top-section elementor-element elementor-element-c0d47f5 elementor-section-full_width elementor-section-stretched elementor-section-height-default elementor-section-height-default\" data-id=\"c0d47f5\" data-element_type=\"section\" data-settings=\"{&quot;stretch_section&quot;:&quot;section-stretched&quot;}\">\n\t\t\t\t\t\t\t<div class=\"elementor-background-overlay\"><\/div>\n\t\t\t\t\t\t\t<div class=\"elementor-container elementor-column-gap-default\">\n\t\t\t\t\t<div class=\"elementor-column elementor-col-100 elementor-top-column elementor-element elementor-element-b3f40b9\" data-id=\"b3f40b9\" data-element_type=\"column\">\n\t\t\t<div class=\"elementor-widget-wrap elementor-element-populated\">\n\t\t\t\t\t\t<div class=\"elementor-element elementor-element-939a1e2 elementor-widget elementor-widget-heading\" data-id=\"939a1e2\" data-element_type=\"widget\" data-widget_type=\"heading.default\">\n\t\t\t\t<div class=\"elementor-widget-container\">\n\t\t\t\t\t<h3 class=\"elementor-heading-title elementor-size-default\">\u00daltimas Noticias<\/h3>\t\t\t\t<\/div>\n\t\t\t\t<\/div>\n\t\t\t\t\t<\/div>\n\t\t<\/div>\n\t\t\t\t\t<\/div>\n\t\t<\/section>\n\t\t\t\t<\/div>","protected":false},"excerpt":{"rendered":"<p>Ante los representantes de los pueblos ind\u00edgenas Wiwa y Kogui, la Alcald\u00eda Distrital, a trav\u00e9s de la Empresa de Desarrollo y Renovaci\u00f3n Urbano Sostenible de Santa Marta, EDUS, y la Gobernaci\u00f3n del Magdalena socializaron algunos de los proyectos que se realizan en la ciudad, con los cuales se contribuye a la&nbsp;recuperaci\u00f3n ambiental, cultural e hist\u00f3rica [&hellip;]<\/p>","protected":false},"author":17,"featured_media":8248,"comment_status":"closed","ping_status":"closed","sticky":false,"template":"","format":"standard","meta":{"site-sidebar-layout":"default","site-content-layout":"","ast-site-content-layout":"default","site-content-style":"default","site-sidebar-style":"default","ast-global-header-display":"","ast-banner-title-visibility":"","ast-main-header-display":"","ast-hfb-above-header-display":"","ast-hfb-below-header-display":"","ast-hfb-mobile-header-display":"","site-post-title":"","ast-breadcrumbs-content":"","ast-featured-img":"","footer-sml-layout":"","ast-disable-related-posts":"","theme-transparent-header-meta":"","adv-header-id-meta":"","stick-header-meta":"","header-above-stick-meta":"","header-main-stick-meta":"","header-below-stick-meta":"","astra-migrate-meta-layouts":"default","ast-page-background-enabled":"default","ast-page-background-meta":{"desktop":{"background-color":"var(--ast-global-color-4)","background-image":"","background-repeat":"repeat","background-position":"center center","background-size":"auto","background-attachment":"scroll","background-type":"","background-media":"","overlay-type":"","overlay-color":"","overlay-opacity":"","overlay-gradient":""},"tablet":{"background-color":"","background-image":"","background-repeat":"repeat","background-position":"center center","background-size":"auto","background-attachment":"scroll","background-type":"","background-media":"","overlay-type":"","overlay-color":"","overlay-opacity":"","overlay-gradient":""},"mobile":{"background-color":"","background-image":"","background-repeat":"repeat","background-position":"center center","background-size":"auto","background-attachment":"scroll","background-type":"","background-media":"","overlay-type":"","overlay-color":"","overlay-opacity":"","overlay-gradient":""}},"ast-content-background-meta":{"desktop":{"background-color":"var(--ast-global-color-5)","background-image":"","background-repeat":"repeat","background-position":"center center","background-size":"auto","background-attachment":"scroll","background-type":"","background-media":"","overlay-type":"","overlay-color":"","overlay-opacity":"","overlay-gradient":""},"tablet":{"background-color":"var(--ast-global-color-5)","background-image":"","background-repeat":"repeat","background-position":"center center","background-size":"auto","background-attachment":"scroll","background-type":"","background-media":"","overlay-type":"","overlay-color":"","overlay-opacity":"","overlay-gradient":""},"mobile":{"background-color":"var(--ast-global-color-5)","background-image":"","background-repeat":"repeat","background-position":"center center","background-size":"auto","background-attachment":"scroll","background-type":"","background-media":"","overlay-type":"","overlay-color":"","overlay-opacity":"","overlay-gradient":""}},"footnotes":""},"categories":[53],"tags":[],"class_list":["post-8247","post","type-post","status-publish","format-standard","has-post-thumbnail","hentry","category-ultimas-noticias"],"_links":{"self":[{"href":"https:\/\/edus.gov.co\/en\/wp-json\/wp\/v2\/posts\/8247","targetHints":{"allow":["GET"]}}],"collection":[{"href":"https:\/\/edus.gov.co\/en\/wp-json\/wp\/v2\/posts"}],"about":[{"href":"https:\/\/edus.gov.co\/en\/wp-json\/wp\/v2\/types\/post"}],"author":[{"embeddable":true,"href":"https:\/\/edus.gov.co\/en\/wp-json\/wp\/v2\/users\/17"}],"replies":[{"embeddable":true,"href":"https:\/\/edus.gov.co\/en\/wp-json\/wp\/v2\/comments?post=8247"}],"version-history":[{"count":5,"href":"https:\/\/edus.gov.co\/en\/wp-json\/wp\/v2\/posts\/8247\/revisions"}],"predecessor-version":[{"id":8253,"href":"https:\/\/edus.gov.co\/en\/wp-json\/wp\/v2\/posts\/8247\/revisions\/8253"}],"wp:featuredmedia":[{"embeddable":true,"href":"https:\/\/edus.gov.co\/en\/wp-json\/wp\/v2\/media\/8248"}],"wp:attachment":[{"href":"https:\/\/edus.gov.co\/en\/wp-json\/wp\/v2\/media?parent=8247"}],"wp:term":[{"taxonomy":"category","embeddable":true,"href":"https:\/\/edus.gov.co\/en\/wp-json\/wp\/v2\/categories?post=8247"},{"taxonomy":"post_tag","embeddable":true,"href":"https:\/\/edus.gov.co\/en\/wp-json\/wp\/v2\/tags?post=8247"}],"curies":[{"name":"wp","href":"https:\/\/api.w.org\/{rel}","templated":true}]}}