{"id":8233,"date":"2021-08-10T17:05:00","date_gmt":"2021-08-10T17:05:00","guid":{"rendered":"https:\/\/edus.gov.co\/?p=8233"},"modified":"2021-08-11T18:04:48","modified_gmt":"2021-08-11T18:04:48","slug":"en-tres-frentes-de-trabajo-se-ejecuta-el-proyecto-de-remodelacion-del-camellon-de-el-rodadero","status":"publish","type":"post","link":"https:\/\/edus.gov.co\/en\/en-tres-frentes-de-trabajo-se-ejecuta-el-proyecto-de-remodelacion-del-camellon-de-el-rodadero\/","title":{"rendered":"En tres frentes de trabajo se ejecuta el proyecto de remodelaci\u00f3n del Camell\u00f3n de El Rodadero"},"content":{"rendered":"<div data-elementor-type=\"wp-post\" data-elementor-id=\"8233\" class=\"elementor elementor-8233\" data-elementor-post-type=\"post\">\n\t\t\t\t\t\t<section class=\"elementor-section elementor-top-section elementor-element elementor-element-687bb192 elementor-section-boxed elementor-section-height-default elementor-section-height-default\" data-id=\"687bb192\" data-element_type=\"section\">\n\t\t\t\t\t\t<div class=\"elementor-container elementor-column-gap-default\">\n\t\t\t\t\t<div class=\"elementor-column elementor-col-100 elementor-top-column elementor-element elementor-element-4f30bfab\" data-id=\"4f30bfab\" data-element_type=\"column\">\n\t\t\t<div class=\"elementor-widget-wrap elementor-element-populated\">\n\t\t\t\t\t\t<div class=\"elementor-element elementor-element-2330fad3 elementor-widget elementor-widget-text-editor\" data-id=\"2330fad3\" data-element_type=\"widget\" data-widget_type=\"text-editor.default\">\n\t\t\t\t<div class=\"elementor-widget-container\">\n\t\t\t\t\t\t\t\t\t<p style=\"font-weight: 400;\"><em>*El proyecto, que potencializar\u00e1 las actividades tur\u00edsticas, comerciales, recreativas y deportivas, presenta un avance de un 30%.\u00a0<\/em><\/p><p style=\"font-weight: 400;\">Con la finalidad de cumplir con los tiempos establecidos para la ejecuci\u00f3n del proyecto de remodelaci\u00f3n del Camell\u00f3n de El Rodadero, la Alcald\u00eda Distrital, a trav\u00e9s de la Empresa de Desarrollo y Renovaci\u00f3n Urbano Sostenible de Santa Marta, EDUS, desarrolla las intervenciones en tres frentes de trabajo: entre las calles 8 y 6; la calle 6 y el corredor de Las Iguanas, y la calle 7 del sector.\u00a0\u00a0\u00a0<\/p><p style=\"font-weight: 400;\">En el primer frente de trabajo se hace la intervenci\u00f3n de las redes hidrosanitarias, la instalaci\u00f3n de la red de impulsi\u00f3n y la continuaci\u00f3n del canal box culvert, entre las calles 8 y 6 con carrera Primera de El Rodadero. Simult\u00e1neamente se hacen las adecuaciones del espacio p\u00fablico del Camell\u00f3n y se construyen los andenes para el uso de los visitantes y los residentes en esta capital.\u00a0<\/p><p style=\"font-weight: 400;\">En un segundo frente de obras se est\u00e1 trabajando entre la calle 6 y el corredor de Las Iguanas, donde se inici\u00f3 por la construcci\u00f3n del canal box culvert, que evacuar\u00e1 las aguas lluvia hacia el canal de Las iguanas mitigando el impacto de las inundaciones.\u00a0\u00a0\u00a0<\/p><p style=\"font-weight: 400;\">El tercer frente se encuentra en la calle 7, donde se hace la demolici\u00f3n de pavimento para posteriormente retirar e instalar la red del acueducto y el sistema de alcantarillado sanitario. En el mismo tramo, despu\u00e9s se fundir\u00e1 el pavimento y se ampliar\u00e1n los andenes, garantizando la accesibilidad para personas con movilidad reducida.\u00a0<\/p><p style=\"font-weight: 400;\">La Alcald\u00eda Distrital, a trav\u00e9s de la EDUS, confirm\u00f3 que actualmente se encuentran finalizadas varias intervenciones del proyecto, entre las que est\u00e1n la intervenci\u00f3n del espacio p\u00fablico, el pavimento vehicular, la red hidrosanitaria, las rampas de acceso, los andenes con accesibilidad y el concreto estampado del tramo de la calle 11 entre las carreras Primera y Segunda.\u00a0<\/p><p style=\"font-weight: 400;\">Tambi\u00e9n se concluy\u00f3 la construcci\u00f3n del canal box culvert, la instalaci\u00f3n de las redes hidrosanitarias y la ciclorruta en el tramo de la carrera Primera entre calle 11 y calle 9.\u00a0<\/p><p style=\"font-weight: 400;\">En cuanto al tramo de la calle 10 con carrera Primera ya se encuentra finalizado el concreto estampado del Camell\u00f3n, incluyendo las adecuaciones de las acometidas el\u00e9ctricas, la instalaci\u00f3n de m\u00f3dulos comerciales e informativos, la construcci\u00f3n de la ciclorruta, la instalaci\u00f3n de las redes hidrosanitarias y las jardineras para los \u00e1rboles.\u00a0<\/p><p style=\"font-weight: 400;\">Simult\u00e1neamente se construyen los m\u00f3dulos comerciales e informativos\u00a0y se est\u00e1 trabajando en la instalaci\u00f3n del m\u00f3dulo de ba\u00f1os y de la estructura del deck, la cual ser\u00e1 una zona pasiva de conservaci\u00f3n de contemplaci\u00f3n.\u00a0<\/p><p style=\"font-weight: 400;\">Con este proyecto del Gobierno del Cambio se generar\u00e1n espacios para los samarios y residentes en esta ciudad; ampliar\u00e1 la oferta para los turistas y dignificar\u00e1n las condiciones en que los prestadores de servicios desarrollan sus labores.\u00a0<\/p>\t\t\t\t\t\t\t\t<\/div>\n\t\t\t\t<\/div>\n\t\t\t\t\t<\/div>\n\t\t<\/div>\n\t\t\t\t\t<\/div>\n\t\t<\/section>\n\t\t\t\t<section class=\"elementor-section elementor-top-section elementor-element elementor-element-c0d47f5 elementor-section-full_width elementor-section-stretched elementor-section-height-default elementor-section-height-default\" data-id=\"c0d47f5\" data-element_type=\"section\" data-settings=\"{&quot;stretch_section&quot;:&quot;section-stretched&quot;}\">\n\t\t\t\t\t\t\t<div class=\"elementor-background-overlay\"><\/div>\n\t\t\t\t\t\t\t<div class=\"elementor-container elementor-column-gap-default\">\n\t\t\t\t\t<div class=\"elementor-column elementor-col-100 elementor-top-column elementor-element elementor-element-b3f40b9\" data-id=\"b3f40b9\" data-element_type=\"column\">\n\t\t\t<div class=\"elementor-widget-wrap elementor-element-populated\">\n\t\t\t\t\t\t<div class=\"elementor-element elementor-element-939a1e2 elementor-widget elementor-widget-heading\" data-id=\"939a1e2\" data-element_type=\"widget\" data-widget_type=\"heading.default\">\n\t\t\t\t<div class=\"elementor-widget-container\">\n\t\t\t\t\t<h3 class=\"elementor-heading-title elementor-size-default\">\u00daltimas Noticias<\/h3>\t\t\t\t<\/div>\n\t\t\t\t<\/div>\n\t\t\t\t\t<\/div>\n\t\t<\/div>\n\t\t\t\t\t<\/div>\n\t\t<\/section>\n\t\t\t\t<\/div>","protected":false},"excerpt":{"rendered":"<p>*El proyecto, que potencializar\u00e1 las actividades tur\u00edsticas, comerciales, recreativas y deportivas, presenta un avance de un 30%.\u00a0 Con la finalidad de cumplir con los tiempos establecidos para la ejecuci\u00f3n del proyecto de remodelaci\u00f3n del Camell\u00f3n de El Rodadero, la Alcald\u00eda Distrital, a trav\u00e9s de la Empresa de Desarrollo y Renovaci\u00f3n Urbano Sostenible de Santa Marta, [&hellip;]<\/p>","protected":false},"author":17,"featured_media":8235,"comment_status":"closed","ping_status":"closed","sticky":false,"template":"","format":"standard","meta":{"site-sidebar-layout":"default","site-content-layout":"","ast-site-content-layout":"default","site-content-style":"default","site-sidebar-style":"default","ast-global-header-display":"","ast-banner-title-visibility":"","ast-main-header-display":"","ast-hfb-above-header-display":"","ast-hfb-below-header-display":"","ast-hfb-mobile-header-display":"","site-post-title":"","ast-breadcrumbs-content":"","ast-featured-img":"","footer-sml-layout":"","ast-disable-related-posts":"","theme-transparent-header-meta":"","adv-header-id-meta":"","stick-header-meta":"","header-above-stick-meta":"","header-main-stick-meta":"","header-below-stick-meta":"","astra-migrate-meta-layouts":"default","ast-page-background-enabled":"default","ast-page-background-meta":{"desktop":{"background-color":"var(--ast-global-color-4)","background-image":"","background-repeat":"repeat","background-position":"center center","background-size":"auto","background-attachment":"scroll","background-type":"","background-media":"","overlay-type":"","overlay-color":"","overlay-opacity":"","overlay-gradient":""},"tablet":{"background-color":"","background-image":"","background-repeat":"repeat","background-position":"center center","background-size":"auto","background-attachment":"scroll","background-type":"","background-media":"","overlay-type":"","overlay-color":"","overlay-opacity":"","overlay-gradient":""},"mobile":{"background-color":"","background-image":"","background-repeat":"repeat","background-position":"center center","background-size":"auto","background-attachment":"scroll","background-type":"","background-media":"","overlay-type":"","overlay-color":"","overlay-opacity":"","overlay-gradient":""}},"ast-content-background-meta":{"desktop":{"background-color":"var(--ast-global-color-5)","background-image":"","background-repeat":"repeat","background-position":"center center","background-size":"auto","background-attachment":"scroll","background-type":"","background-media":"","overlay-type":"","overlay-color":"","overlay-opacity":"","overlay-gradient":""},"tablet":{"background-color":"var(--ast-global-color-5)","background-image":"","background-repeat":"repeat","background-position":"center center","background-size":"auto","background-attachment":"scroll","background-type":"","background-media":"","overlay-type":"","overlay-color":"","overlay-opacity":"","overlay-gradient":""},"mobile":{"background-color":"var(--ast-global-color-5)","background-image":"","background-repeat":"repeat","background-position":"center center","background-size":"auto","background-attachment":"scroll","background-type":"","background-media":"","overlay-type":"","overlay-color":"","overlay-opacity":"","overlay-gradient":""}},"footnotes":""},"categories":[53],"tags":[],"class_list":["post-8233","post","type-post","status-publish","format-standard","has-post-thumbnail","hentry","category-ultimas-noticias"],"_links":{"self":[{"href":"https:\/\/edus.gov.co\/en\/wp-json\/wp\/v2\/posts\/8233","targetHints":{"allow":["GET"]}}],"collection":[{"href":"https:\/\/edus.gov.co\/en\/wp-json\/wp\/v2\/posts"}],"about":[{"href":"https:\/\/edus.gov.co\/en\/wp-json\/wp\/v2\/types\/post"}],"author":[{"embeddable":true,"href":"https:\/\/edus.gov.co\/en\/wp-json\/wp\/v2\/users\/17"}],"replies":[{"embeddable":true,"href":"https:\/\/edus.gov.co\/en\/wp-json\/wp\/v2\/comments?post=8233"}],"version-history":[{"count":4,"href":"https:\/\/edus.gov.co\/en\/wp-json\/wp\/v2\/posts\/8233\/revisions"}],"predecessor-version":[{"id":8238,"href":"https:\/\/edus.gov.co\/en\/wp-json\/wp\/v2\/posts\/8233\/revisions\/8238"}],"wp:featuredmedia":[{"embeddable":true,"href":"https:\/\/edus.gov.co\/en\/wp-json\/wp\/v2\/media\/8235"}],"wp:attachment":[{"href":"https:\/\/edus.gov.co\/en\/wp-json\/wp\/v2\/media?parent=8233"}],"wp:term":[{"taxonomy":"category","embeddable":true,"href":"https:\/\/edus.gov.co\/en\/wp-json\/wp\/v2\/categories?post=8233"},{"taxonomy":"post_tag","embeddable":true,"href":"https:\/\/edus.gov.co\/en\/wp-json\/wp\/v2\/tags?post=8233"}],"curies":[{"name":"wp","href":"https:\/\/api.w.org\/{rel}","templated":true}]}}