{"id":8225,"date":"2021-08-06T18:11:27","date_gmt":"2021-08-06T18:11:27","guid":{"rendered":"https:\/\/edus.gov.co\/?p=8225"},"modified":"2021-08-06T18:16:28","modified_gmt":"2021-08-06T18:16:28","slug":"en-un-60-avanza-el-proyecto-de-malla-vial-en-el-pando","status":"publish","type":"post","link":"https:\/\/edus.gov.co\/en\/en-un-60-avanza-el-proyecto-de-malla-vial-en-el-pando\/","title":{"rendered":"En un 60%, avanza el proyecto de Malla Vial en El Pando"},"content":{"rendered":"<div data-elementor-type=\"wp-post\" data-elementor-id=\"8225\" class=\"elementor elementor-8225\" data-elementor-post-type=\"post\">\n\t\t\t\t\t\t<section class=\"elementor-section elementor-top-section elementor-element elementor-element-687bb192 elementor-section-boxed elementor-section-height-default elementor-section-height-default\" data-id=\"687bb192\" data-element_type=\"section\">\n\t\t\t\t\t\t<div class=\"elementor-container elementor-column-gap-default\">\n\t\t\t\t\t<div class=\"elementor-column elementor-col-100 elementor-top-column elementor-element elementor-element-4f30bfab\" data-id=\"4f30bfab\" data-element_type=\"column\">\n\t\t\t<div class=\"elementor-widget-wrap elementor-element-populated\">\n\t\t\t\t\t\t<div class=\"elementor-element elementor-element-2330fad3 elementor-widget elementor-widget-text-editor\" data-id=\"2330fad3\" data-element_type=\"widget\" data-widget_type=\"text-editor.default\">\n\t\t\t\t<div class=\"elementor-widget-container\">\n\t\t\t\t\t\t\t\t\t<p style=\"font-weight: 400;\"><em>Las obras de recuperaci\u00f3n de la Malla Vial I del barrio El Pando, que ejecuta la Alcald\u00eda Distrital,\u00a0a trav\u00e9s de la Empresa de Desarrollo y Renovaci\u00f3n Urbano Sostenible de Santa Marta,\u00a0EDUS,\u00a0avanzan en un 60%, donde actualmente se interviene el espacio p\u00fablico de la carrera 18, entre las calles 30 y 38 del sector.\u00a0\u00a0<\/em><em>\u00a0<\/em><\/p><p style=\"font-weight: 400;\"><em>As\u00ed mismo, se est\u00e1 desarrollando la construcci\u00f3n de los manjoles sanitarios, la intervenci\u00f3n del espacio p\u00fablico y la fundida de pavimento en el carril oriental, sobre la carrera 19 entre las calles 30 y 36 de El Pando.\u00a0\u00a0<\/em><\/p><p style=\"font-weight: 400;\"><em>En la misma carrera 19 se hacen pruebas de estanqueidad de los manjoles para verificar las posibles filtraciones y se instalan losetas\u00a0\u00a0podot\u00e1ctiles (de gu\u00eda y alerta) para garantizar la movilidad de las personas con limitaciones visuales.\u00a0<\/em><\/p><p style=\"font-weight: 400;\"><em>En los pr\u00f3ximos d\u00edas, se iniciar\u00e1 la demolici\u00f3n y excavaci\u00f3n para la instalaci\u00f3n de tuber\u00eda sanitaria sobre la calle 38 entre las carreras 18 y 19.\u00a0\u00a0<\/em><\/p><p style=\"font-weight: 400;\"><em>Por otra parte, en la intersecci\u00f3n de la carrera 19 con calle 30 se construye un manjol para el empalme del sistema de alcantarillado de El Pando hacia el conector existente sobre la v\u00eda principal.\u00a0\u00a0\u00a0<\/em><\/p><p style=\"font-weight: 400;\"><em>Con estas obras, el Gobierno del Cambio Imparable avanza hacia la modernizaci\u00f3n de las redes de acueducto, el sistema de alcantarillado y la canalizaci\u00f3n de aguas lluvia, entregando infraestructuras con altos est\u00e1ndares de calidad y mejorando la vida de los habitantes del sector.\u00a0<\/em><\/p>\t\t\t\t\t\t\t\t<\/div>\n\t\t\t\t<\/div>\n\t\t\t\t\t<\/div>\n\t\t<\/div>\n\t\t\t\t\t<\/div>\n\t\t<\/section>\n\t\t\t\t<section class=\"elementor-section elementor-top-section elementor-element elementor-element-c0d47f5 elementor-section-full_width elementor-section-stretched elementor-section-height-default elementor-section-height-default\" data-id=\"c0d47f5\" data-element_type=\"section\" data-settings=\"{&quot;stretch_section&quot;:&quot;section-stretched&quot;}\">\n\t\t\t\t\t\t\t<div class=\"elementor-background-overlay\"><\/div>\n\t\t\t\t\t\t\t<div class=\"elementor-container elementor-column-gap-default\">\n\t\t\t\t\t<div class=\"elementor-column elementor-col-100 elementor-top-column elementor-element elementor-element-b3f40b9\" data-id=\"b3f40b9\" data-element_type=\"column\">\n\t\t\t<div class=\"elementor-widget-wrap elementor-element-populated\">\n\t\t\t\t\t\t<div class=\"elementor-element elementor-element-939a1e2 elementor-widget elementor-widget-heading\" data-id=\"939a1e2\" data-element_type=\"widget\" data-widget_type=\"heading.default\">\n\t\t\t\t<div class=\"elementor-widget-container\">\n\t\t\t\t\t<h3 class=\"elementor-heading-title elementor-size-default\">\u00daltimas Noticias<\/h3>\t\t\t\t<\/div>\n\t\t\t\t<\/div>\n\t\t\t\t\t<\/div>\n\t\t<\/div>\n\t\t\t\t\t<\/div>\n\t\t<\/section>\n\t\t\t\t<\/div>","protected":false},"excerpt":{"rendered":"<p>Las obras de recuperaci\u00f3n de la Malla Vial I del barrio El Pando, que ejecuta la Alcald\u00eda Distrital,&nbsp;a trav\u00e9s de la Empresa de Desarrollo y Renovaci\u00f3n Urbano Sostenible de Santa Marta,&nbsp;EDUS,&nbsp;avanzan en un 60%, donde actualmente se interviene el espacio p\u00fablico de la carrera 18, entre las calles 30 y 38 del sector.&nbsp;&nbsp;&nbsp; As\u00ed mismo, [&hellip;]<\/p>","protected":false},"author":17,"featured_media":8226,"comment_status":"closed","ping_status":"closed","sticky":false,"template":"","format":"standard","meta":{"site-sidebar-layout":"default","site-content-layout":"","ast-site-content-layout":"default","site-content-style":"default","site-sidebar-style":"default","ast-global-header-display":"","ast-banner-title-visibility":"","ast-main-header-display":"","ast-hfb-above-header-display":"","ast-hfb-below-header-display":"","ast-hfb-mobile-header-display":"","site-post-title":"","ast-breadcrumbs-content":"","ast-featured-img":"","footer-sml-layout":"","ast-disable-related-posts":"","theme-transparent-header-meta":"","adv-header-id-meta":"","stick-header-meta":"","header-above-stick-meta":"","header-main-stick-meta":"","header-below-stick-meta":"","astra-migrate-meta-layouts":"default","ast-page-background-enabled":"default","ast-page-background-meta":{"desktop":{"background-color":"var(--ast-global-color-4)","background-image":"","background-repeat":"repeat","background-position":"center center","background-size":"auto","background-attachment":"scroll","background-type":"","background-media":"","overlay-type":"","overlay-color":"","overlay-opacity":"","overlay-gradient":""},"tablet":{"background-color":"","background-image":"","background-repeat":"repeat","background-position":"center center","background-size":"auto","background-attachment":"scroll","background-type":"","background-media":"","overlay-type":"","overlay-color":"","overlay-opacity":"","overlay-gradient":""},"mobile":{"background-color":"","background-image":"","background-repeat":"repeat","background-position":"center center","background-size":"auto","background-attachment":"scroll","background-type":"","background-media":"","overlay-type":"","overlay-color":"","overlay-opacity":"","overlay-gradient":""}},"ast-content-background-meta":{"desktop":{"background-color":"var(--ast-global-color-5)","background-image":"","background-repeat":"repeat","background-position":"center center","background-size":"auto","background-attachment":"scroll","background-type":"","background-media":"","overlay-type":"","overlay-color":"","overlay-opacity":"","overlay-gradient":""},"tablet":{"background-color":"var(--ast-global-color-5)","background-image":"","background-repeat":"repeat","background-position":"center center","background-size":"auto","background-attachment":"scroll","background-type":"","background-media":"","overlay-type":"","overlay-color":"","overlay-opacity":"","overlay-gradient":""},"mobile":{"background-color":"var(--ast-global-color-5)","background-image":"","background-repeat":"repeat","background-position":"center center","background-size":"auto","background-attachment":"scroll","background-type":"","background-media":"","overlay-type":"","overlay-color":"","overlay-opacity":"","overlay-gradient":""}},"footnotes":""},"categories":[53],"tags":[],"class_list":["post-8225","post","type-post","status-publish","format-standard","has-post-thumbnail","hentry","category-ultimas-noticias"],"_links":{"self":[{"href":"https:\/\/edus.gov.co\/en\/wp-json\/wp\/v2\/posts\/8225","targetHints":{"allow":["GET"]}}],"collection":[{"href":"https:\/\/edus.gov.co\/en\/wp-json\/wp\/v2\/posts"}],"about":[{"href":"https:\/\/edus.gov.co\/en\/wp-json\/wp\/v2\/types\/post"}],"author":[{"embeddable":true,"href":"https:\/\/edus.gov.co\/en\/wp-json\/wp\/v2\/users\/17"}],"replies":[{"embeddable":true,"href":"https:\/\/edus.gov.co\/en\/wp-json\/wp\/v2\/comments?post=8225"}],"version-history":[{"count":5,"href":"https:\/\/edus.gov.co\/en\/wp-json\/wp\/v2\/posts\/8225\/revisions"}],"predecessor-version":[{"id":8231,"href":"https:\/\/edus.gov.co\/en\/wp-json\/wp\/v2\/posts\/8225\/revisions\/8231"}],"wp:featuredmedia":[{"embeddable":true,"href":"https:\/\/edus.gov.co\/en\/wp-json\/wp\/v2\/media\/8226"}],"wp:attachment":[{"href":"https:\/\/edus.gov.co\/en\/wp-json\/wp\/v2\/media?parent=8225"}],"wp:term":[{"taxonomy":"category","embeddable":true,"href":"https:\/\/edus.gov.co\/en\/wp-json\/wp\/v2\/categories?post=8225"},{"taxonomy":"post_tag","embeddable":true,"href":"https:\/\/edus.gov.co\/en\/wp-json\/wp\/v2\/tags?post=8225"}],"curies":[{"name":"wp","href":"https:\/\/api.w.org\/{rel}","templated":true}]}}