{"id":8218,"date":"2021-08-03T20:50:00","date_gmt":"2021-08-03T20:50:00","guid":{"rendered":"https:\/\/edus.gov.co\/?p=8218"},"modified":"2021-08-04T20:54:11","modified_gmt":"2021-08-04T20:54:11","slug":"dejaremos-de-sufrir-con-las-inundaciones-y-el-desbordamiento-de-aguas-negras-gracias-a-la-alcaldia-del-cambio-lideres-de-bastidas-y-maria-cristina","status":"publish","type":"post","link":"https:\/\/edus.gov.co\/en\/dejaremos-de-sufrir-con-las-inundaciones-y-el-desbordamiento-de-aguas-negras-gracias-a-la-alcaldia-del-cambio-lideres-de-bastidas-y-maria-cristina\/","title":{"rendered":"\u201cDejaremos de sufrir con las inundaciones y el desbordamiento de aguas negras, gracias a la Alcald\u00eda del Cambio\u201d: L\u00edderes de Bastidas y Mar\u00eda Cristina"},"content":{"rendered":"<div data-elementor-type=\"wp-post\" data-elementor-id=\"8218\" class=\"elementor elementor-8218\" data-elementor-post-type=\"post\">\n\t\t\t\t\t\t<section class=\"elementor-section elementor-top-section elementor-element elementor-element-687bb192 elementor-section-boxed elementor-section-height-default elementor-section-height-default\" data-id=\"687bb192\" data-element_type=\"section\">\n\t\t\t\t\t\t<div class=\"elementor-container elementor-column-gap-default\">\n\t\t\t\t\t<div class=\"elementor-column elementor-col-100 elementor-top-column elementor-element elementor-element-4f30bfab\" data-id=\"4f30bfab\" data-element_type=\"column\">\n\t\t\t<div class=\"elementor-widget-wrap elementor-element-populated\">\n\t\t\t\t\t\t<div class=\"elementor-element elementor-element-2330fad3 elementor-widget elementor-widget-text-editor\" data-id=\"2330fad3\" data-element_type=\"widget\" data-widget_type=\"text-editor.default\">\n\t\t\t\t<div class=\"elementor-widget-container\">\n\t\t\t\t\t\t\t\t\t<p>Hacia los a\u00f1os 1960 fue fundado Bastidas, un barrio que se consolid\u00f3 poco a poco con la gente pujante que inici\u00f3 su vida en este populoso sector del oriente de la ciudad de Santa Marta. En esos a\u00f1os llegaron los primeros moradores de sector, como las familias L\u00f3pez, Rada, Rodr\u00edguez, Gonz\u00e1lez, Berm\u00fadez, Scoot, entre otras.<\/p><p>Con la esperanza puestas en la buena ubicaci\u00f3n, el sector fue tomando m\u00e1s auge con el paso de los a\u00f1os, convirti\u00e9ndose en una zona atractiva para vivir, situaci\u00f3n que lo valoriz\u00f3 y al mismo tiempo lo afect\u00f3, dado que muchas invasiones empezaron a crecer a sus alrededores. Fue as\u00ed como a medida que Bastidas crec\u00eda, m\u00e1s barrios e invasiones se constru\u00edan en las periferias.<\/p><p>Con el transcurrir de los a\u00f1os, llegaron los servicios p\u00fablicos, las nuevas viviendas, el desarrollo de algunas infraestructuras y la construcci\u00f3n de una poza; pero tambi\u00e9n las lluvias, y con ellas, las aguas de escorrent\u00edas y el lodo que bajaba de los cerros, ocasionando inundaciones de las calles, rebosamiento de las aguas residuales, pilas de lodo y los insectos con sus enfermedades asociadas.<\/p><p>Todas estas situaciones las vivi\u00f3 en carne propia Carmen L\u00f3pez Fontalvo, l\u00edder del barrio Bastidas, quien hoy recuerda todo el sufrimiento por el derramamiento de las aguas negras y las inundaciones. \u201cBastidas es uno de los barrios m\u00e1s antiguos de Santa Marta, donde siempre se nos inundaban las casas y antes de la canalizaci\u00f3n, el agua alcanzaba hasta un metro de altura dentro de nuestras viviendas. Hemos sufrido por punta y punta, como decimos los coste\u00f1os: por las lluvias y las alcantarillas. \u00daltimamente hab\u00eda vertimientos hasta en las temporadas de sequ\u00eda\u201d, afirma con tristeza la l\u00edder.<\/p><p>Ella recuerda a su padre Alcides Alfonso L\u00f3pez Polo (QEPD); tambi\u00e9n a sus vecinos fallecidos, entre quienes estaban su t\u00edo Ernesto Scott y su esposa Josefa L\u00f3pez de Scott, Jes\u00fas Peralta, Edmundo Cuello, Celso Gonz\u00e1lez, entre otros, quienes enfrentaron estas problem\u00e1ticas.<\/p><p>Tambi\u00e9n recuerda como su padre, con el agua en los tobillos, m\u00e1s de una vez tuvo que salir de la casa a poner tablas, sacos de arena o piedras en la puerta para contener las inundaciones. Adicionalmente, evoca otros momentos, en los cuales, los electrodom\u00e9sticos y enseres de su vivienda se mojaron y da\u00f1aron por el agua que entraba a su casa y luego del cese de la lluvia, tocaba aprovechar el sol para secarlos, tratando de recuperarlos.<\/p><p>En otras ocasiones, el llanto de los ni\u00f1os, por miedo o angustia, la inquietaban, porque los peque\u00f1os tem\u00edan ante el aumento de los niveles del agua, sobre todo cuando las lluvias, los truenos y las inundaciones, se registraban en las noches. En algunas circunstancias, le atemorizaba cuando sus vecinos dec\u00edan que la planta de la poza de Bastidas, se hab\u00eda detenido, lo que imped\u00eda la evacuaci\u00f3n de las lluvias.<\/p><p>Hay un dicho que menciona &#8220;despu\u00e9s de la tempestad viene la calma&#8221;, pero Carmen sent\u00eda que no era as\u00ed, puesto que despu\u00e9s que cesaba la lluvia ven\u00eda una cantidad inimaginable de lodo que bajaba de los cerros, las calles intransitables, los malos olores, las enfermedades respiratorias y de la piel, y el hecho de tener que poner al sol los colchones mojados.<\/p><p>En fin, son muchas las situaciones que ella recuerda sobre la realidad de esa \u00e9poca. Hoy, los moradores de los barrios Bastidas, Mar\u00eda Cristina, El Oasis, entre otros, ven con esperanza y confianza las obras del proyecto Malla Vial I, que desarrolla la alcaldesa Virna Johnson, a trav\u00e9s de la Empresa de Desarrollo y Renovaci\u00f3n Urbano Sostenible de Santa Marta, EDUS.<\/p><p>Gustavo Berm\u00fadez, miembro del Comit\u00e9 de Obras del barrio Bastidas, y N\u00f3viles Cabarcas, presidente de la JAC del barrio Mar\u00eda Cristina, destacan que estos trabajos beneficiar\u00e1n a muchos ciudadanos. \u201cSe mejorar\u00e1 el sector y se quitar\u00e1 el problema que hab\u00eda en esta comunidad durante tantos a\u00f1os\u201d, precis\u00f3 Berm\u00fadez.<\/p><p>Los l\u00edderes esperaban estas obras hace tiempo; hoy se est\u00e1n materializando por lo que agradecen a la Alcald\u00eda Distrital, a la EDUS y a la firma A Construir S.A., la gesti\u00f3n, atenci\u00f3n, dedicaci\u00f3n, compromiso y responsabilidad, en la ejecuci\u00f3n de estas labores que mejorar\u00e1n la calidad de vida de la comunidad, evitando el desbordamiento de aguas residuales, ayudando a la evacuaci\u00f3n de las aguas lluvia, aumentando el estado actual del espacio p\u00fablico y optimizando las v\u00edas para el tr\u00e1nsito vehicular.<\/p>\t\t\t\t\t\t\t\t<\/div>\n\t\t\t\t<\/div>\n\t\t\t\t\t<\/div>\n\t\t<\/div>\n\t\t\t\t\t<\/div>\n\t\t<\/section>\n\t\t\t\t<section class=\"elementor-section elementor-top-section elementor-element elementor-element-c0d47f5 elementor-section-full_width elementor-section-stretched elementor-section-height-default elementor-section-height-default\" data-id=\"c0d47f5\" data-element_type=\"section\" data-settings=\"{&quot;stretch_section&quot;:&quot;section-stretched&quot;}\">\n\t\t\t\t\t\t\t<div class=\"elementor-background-overlay\"><\/div>\n\t\t\t\t\t\t\t<div class=\"elementor-container elementor-column-gap-default\">\n\t\t\t\t\t<div class=\"elementor-column elementor-col-100 elementor-top-column elementor-element elementor-element-b3f40b9\" data-id=\"b3f40b9\" data-element_type=\"column\">\n\t\t\t<div class=\"elementor-widget-wrap elementor-element-populated\">\n\t\t\t\t\t\t<div class=\"elementor-element elementor-element-939a1e2 elementor-widget elementor-widget-heading\" data-id=\"939a1e2\" data-element_type=\"widget\" data-widget_type=\"heading.default\">\n\t\t\t\t<div class=\"elementor-widget-container\">\n\t\t\t\t\t<h3 class=\"elementor-heading-title elementor-size-default\">\u00daltimas Noticias<\/h3>\t\t\t\t<\/div>\n\t\t\t\t<\/div>\n\t\t\t\t\t<\/div>\n\t\t<\/div>\n\t\t\t\t\t<\/div>\n\t\t<\/section>\n\t\t\t\t<\/div>","protected":false},"excerpt":{"rendered":"<p>Hacia los a\u00f1os 1960 fue fundado Bastidas, un barrio que se consolid\u00f3 poco a poco con la gente pujante que inici\u00f3 su vida en este populoso sector del oriente de la ciudad de Santa Marta. En esos a\u00f1os llegaron los primeros moradores de sector, como las familias L\u00f3pez, Rada, Rodr\u00edguez, Gonz\u00e1lez, Berm\u00fadez, Scoot, entre otras. [&hellip;]<\/p>","protected":false},"author":17,"featured_media":8219,"comment_status":"closed","ping_status":"closed","sticky":false,"template":"","format":"standard","meta":{"site-sidebar-layout":"default","site-content-layout":"","ast-site-content-layout":"default","site-content-style":"default","site-sidebar-style":"default","ast-global-header-display":"","ast-banner-title-visibility":"","ast-main-header-display":"","ast-hfb-above-header-display":"","ast-hfb-below-header-display":"","ast-hfb-mobile-header-display":"","site-post-title":"","ast-breadcrumbs-content":"","ast-featured-img":"","footer-sml-layout":"","ast-disable-related-posts":"","theme-transparent-header-meta":"","adv-header-id-meta":"","stick-header-meta":"","header-above-stick-meta":"","header-main-stick-meta":"","header-below-stick-meta":"","astra-migrate-meta-layouts":"default","ast-page-background-enabled":"default","ast-page-background-meta":{"desktop":{"background-color":"var(--ast-global-color-4)","background-image":"","background-repeat":"repeat","background-position":"center center","background-size":"auto","background-attachment":"scroll","background-type":"","background-media":"","overlay-type":"","overlay-color":"","overlay-opacity":"","overlay-gradient":""},"tablet":{"background-color":"","background-image":"","background-repeat":"repeat","background-position":"center center","background-size":"auto","background-attachment":"scroll","background-type":"","background-media":"","overlay-type":"","overlay-color":"","overlay-opacity":"","overlay-gradient":""},"mobile":{"background-color":"","background-image":"","background-repeat":"repeat","background-position":"center center","background-size":"auto","background-attachment":"scroll","background-type":"","background-media":"","overlay-type":"","overlay-color":"","overlay-opacity":"","overlay-gradient":""}},"ast-content-background-meta":{"desktop":{"background-color":"var(--ast-global-color-5)","background-image":"","background-repeat":"repeat","background-position":"center center","background-size":"auto","background-attachment":"scroll","background-type":"","background-media":"","overlay-type":"","overlay-color":"","overlay-opacity":"","overlay-gradient":""},"tablet":{"background-color":"var(--ast-global-color-5)","background-image":"","background-repeat":"repeat","background-position":"center center","background-size":"auto","background-attachment":"scroll","background-type":"","background-media":"","overlay-type":"","overlay-color":"","overlay-opacity":"","overlay-gradient":""},"mobile":{"background-color":"var(--ast-global-color-5)","background-image":"","background-repeat":"repeat","background-position":"center center","background-size":"auto","background-attachment":"scroll","background-type":"","background-media":"","overlay-type":"","overlay-color":"","overlay-opacity":"","overlay-gradient":""}},"footnotes":""},"categories":[53],"tags":[],"class_list":["post-8218","post","type-post","status-publish","format-standard","has-post-thumbnail","hentry","category-ultimas-noticias"],"_links":{"self":[{"href":"https:\/\/edus.gov.co\/en\/wp-json\/wp\/v2\/posts\/8218","targetHints":{"allow":["GET"]}}],"collection":[{"href":"https:\/\/edus.gov.co\/en\/wp-json\/wp\/v2\/posts"}],"about":[{"href":"https:\/\/edus.gov.co\/en\/wp-json\/wp\/v2\/types\/post"}],"author":[{"embeddable":true,"href":"https:\/\/edus.gov.co\/en\/wp-json\/wp\/v2\/users\/17"}],"replies":[{"embeddable":true,"href":"https:\/\/edus.gov.co\/en\/wp-json\/wp\/v2\/comments?post=8218"}],"version-history":[{"count":5,"href":"https:\/\/edus.gov.co\/en\/wp-json\/wp\/v2\/posts\/8218\/revisions"}],"predecessor-version":[{"id":8224,"href":"https:\/\/edus.gov.co\/en\/wp-json\/wp\/v2\/posts\/8218\/revisions\/8224"}],"wp:featuredmedia":[{"embeddable":true,"href":"https:\/\/edus.gov.co\/en\/wp-json\/wp\/v2\/media\/8219"}],"wp:attachment":[{"href":"https:\/\/edus.gov.co\/en\/wp-json\/wp\/v2\/media?parent=8218"}],"wp:term":[{"taxonomy":"category","embeddable":true,"href":"https:\/\/edus.gov.co\/en\/wp-json\/wp\/v2\/categories?post=8218"},{"taxonomy":"post_tag","embeddable":true,"href":"https:\/\/edus.gov.co\/en\/wp-json\/wp\/v2\/tags?post=8218"}],"curies":[{"name":"wp","href":"https:\/\/api.w.org\/{rel}","templated":true}]}}