{"id":8180,"date":"2021-07-28T21:38:20","date_gmt":"2021-07-28T21:38:20","guid":{"rendered":"https:\/\/edus.gov.co\/?p=8180"},"modified":"2021-07-28T21:45:08","modified_gmt":"2021-07-28T21:45:08","slug":"consejero-presidencial-para-la-discapacidad-y-presidente-nacional-de-acodres-destacan-calidad-e-inclusion-del-nuevo-camellon-de-la-bahia","status":"publish","type":"post","link":"https:\/\/edus.gov.co\/en\/consejero-presidencial-para-la-discapacidad-y-presidente-nacional-de-acodres-destacan-calidad-e-inclusion-del-nuevo-camellon-de-la-bahia\/","title":{"rendered":"Consejero Presidencial para la Discapacidad y Presidente Nacional de Acodres destacan calidad e inclusi\u00f3n del nuevo Camell\u00f3n de la Bah\u00eda"},"content":{"rendered":"<div data-elementor-type=\"wp-post\" data-elementor-id=\"8180\" class=\"elementor elementor-8180\" data-elementor-post-type=\"post\">\n\t\t\t\t\t\t<section class=\"elementor-section elementor-top-section elementor-element elementor-element-687bb192 elementor-section-boxed elementor-section-height-default elementor-section-height-default\" data-id=\"687bb192\" data-element_type=\"section\">\n\t\t\t\t\t\t<div class=\"elementor-container elementor-column-gap-default\">\n\t\t\t\t\t<div class=\"elementor-column elementor-col-100 elementor-top-column elementor-element elementor-element-4f30bfab\" data-id=\"4f30bfab\" data-element_type=\"column\">\n\t\t\t<div class=\"elementor-widget-wrap elementor-element-populated\">\n\t\t\t\t\t\t<div class=\"elementor-element elementor-element-2330fad3 elementor-widget elementor-widget-text-editor\" data-id=\"2330fad3\" data-element_type=\"widget\" data-widget_type=\"text-editor.default\">\n\t\t\t\t<div class=\"elementor-widget-container\">\n\t\t\t\t\t\t\t\t\t<p style=\"font-weight: 400;\">La Alcald\u00eda Distrital, a trav\u00e9s de la Secretar\u00eda de Promoci\u00f3n Social e Inclusi\u00f3n Social, y la Empresa de Desarrollo y Renovaci\u00f3n Urbano Sostenible de Santa Marta, EDUS, present\u00f3 ante Jairo Clopatofsky, alto Consejero para la Participaci\u00f3n de las Personas con Discapacidad, el nuevo Camell\u00f3n de la Bah\u00eda, obra que se encuentra terminada y que se le incluir\u00e1 una plazoleta de bebidas y alimentos para los vendedores de jugos de la calle 16.\u00a0\u00a0<\/p><p style=\"font-weight: 400;\">En el recorrido se comprob\u00f3 la implementaci\u00f3n de dise\u00f1os bajo par\u00e1metros universales de acceso, garantizando las condiciones necesarias para las personas con movilidad reducida, a trav\u00e9s de rampas y losetas podot\u00e1ctiles; se\u00a0\u00a0inspeccion\u00f3 el corredor verde, m\u00f3dulos comerciales, mobiliario y otras zonas del Camell\u00f3n. Esta visita cont\u00f3 con el acompa\u00f1amiento del Enlace de Discapacidad del Distrito de Santa Marta y la Oficina de Discapacidad de la Gobernaci\u00f3n del Magdalena.\u00a0<\/p><p style=\"font-weight: 400;\">En la visita, Dagoberto Ospina,\u00a0\u00a0gerente de la EDUS, y Yunia Palacio,\u00a0\u00a0secretaria de Promoci\u00f3n Social e Inclusi\u00f3n Social, dialogaron con el Consejero Presidencial sobre la sostenibilidad ambiental,\u00a0\u00a0financiera y econ\u00f3mica del proyecto.\u00a0\u00a0<\/p><p style=\"font-weight: 400;\">Jairo Clopatofsky destac\u00f3 las condiciones de acceso e inclusi\u00f3n social de la nueva estructura. \u201cQueremos felicitar a la Alcald\u00eda y a la EDUS por el desarrollo de esta obra monumental para la poblaci\u00f3n discapacitada, adultos mayores y madres con beb\u00e9s en coches. Hay rampas, bater\u00edas de ba\u00f1os, juegos infantiles y estructuras planas; baldosines para que caminen las personas con limitaciones visuales; tambi\u00e9n paneles solares que cuidan el medio ambiente y zonas de playas accesibles\u201d, dio el Alto Consejo.\u00a0\u00a0<\/p><p style=\"font-weight: 400;\">Es de recordar que la Alta Consejer\u00eda Presidencial para la Participaci\u00f3n de las Personas con Discapacidad, entreg\u00f3 reconocimiento a la EDUS por su apoyo a la poblaci\u00f3n con discapacidad, asegur\u00e1ndose de cumplir con los m\u00e1s altos est\u00e1ndares t\u00e9cnicos para la accesibilidad y el disfrute de las personas con movilidad reducida\u00a0<\/p><p style=\"font-weight: 400;\"><strong>Visita de los empresarios de Acodres\u00a0\u00a0<\/strong><\/p><p style=\"font-weight: 400;\">Igualmente, en el Camell\u00f3n de la Bah\u00eda se recibi\u00f3 al presidente Ejecutivo Nacional de la Asociaci\u00f3n Colombiana de la Industria Gastron\u00f3mica,\u00a0\u00a0Acodres, Guillermo G\u00f3mez Par\u00eds; afiliados y empresarios del gremio, con quienes se revisan alternativas de reactivaci\u00f3n econ\u00f3mica de la ciudad.\u00a0\u00a0<\/p><p style=\"font-weight: 400;\">\u201cApuestas importantes como el Camell\u00f3n cualificar\u00e1n la oferta tur\u00edstica de la ciudad, nos permite a la industria franquiciada y no franquiciada ver una oportunidad\u00a0\u00a0de inversi\u00f3n, que trae consigo la creaci\u00f3n de nuevos puestos de trabajo y una percepci\u00f3n de estar mejorando el nivel del sector, que es bueno, pero siempre el mercado exige mayores est\u00e1ndares. Nuestros afiliados ven el buen rumbo que se le est\u00e1 dando al turismo en t\u00e9rminos de desarrollo urbano y evaluando las oportunidades de inversi\u00f3n para abrir nuevas marcas o espacios en la ciudad\u201d, dijo el ejecutivo.\u00a0\u00a0<\/p><p style=\"font-weight: 400;\">Tanto el Alto Consejero como el Presidente Ejecutivo de Acodres, coincidieron en que el proyecto de remodelaci\u00f3n del Camell\u00f3n de la Bah\u00eda, dinamizar\u00e1 el sector, impactar\u00e1 a la ciudadan\u00eda y ofrecer\u00e1 referentes de la transformaci\u00f3n de la ciudad, la oferta para los visitantes y la sostenibilidad\u00a0\u00a0en varios aspectos.\u00a0<\/p>\t\t\t\t\t\t\t\t<\/div>\n\t\t\t\t<\/div>\n\t\t\t\t\t<\/div>\n\t\t<\/div>\n\t\t\t\t\t<\/div>\n\t\t<\/section>\n\t\t\t\t<section class=\"elementor-section elementor-top-section elementor-element elementor-element-c0d47f5 elementor-section-full_width elementor-section-stretched elementor-section-height-default elementor-section-height-default\" data-id=\"c0d47f5\" data-element_type=\"section\" data-settings=\"{&quot;stretch_section&quot;:&quot;section-stretched&quot;}\">\n\t\t\t\t\t\t\t<div class=\"elementor-background-overlay\"><\/div>\n\t\t\t\t\t\t\t<div class=\"elementor-container elementor-column-gap-default\">\n\t\t\t\t\t<div class=\"elementor-column elementor-col-100 elementor-top-column elementor-element elementor-element-b3f40b9\" data-id=\"b3f40b9\" data-element_type=\"column\">\n\t\t\t<div class=\"elementor-widget-wrap elementor-element-populated\">\n\t\t\t\t\t\t<div class=\"elementor-element elementor-element-939a1e2 elementor-widget elementor-widget-heading\" data-id=\"939a1e2\" data-element_type=\"widget\" data-widget_type=\"heading.default\">\n\t\t\t\t<div class=\"elementor-widget-container\">\n\t\t\t\t\t<h3 class=\"elementor-heading-title elementor-size-default\">\u00daltimas Noticias<\/h3>\t\t\t\t<\/div>\n\t\t\t\t<\/div>\n\t\t\t\t\t<\/div>\n\t\t<\/div>\n\t\t\t\t\t<\/div>\n\t\t<\/section>\n\t\t\t\t<\/div>","protected":false},"excerpt":{"rendered":"<p>La Alcald\u00eda Distrital, a trav\u00e9s de la Secretar\u00eda de Promoci\u00f3n Social e Inclusi\u00f3n Social, y la Empresa de Desarrollo y Renovaci\u00f3n Urbano Sostenible de Santa Marta, EDUS, present\u00f3 ante Jairo Clopatofsky, alto Consejero para la Participaci\u00f3n de las Personas con Discapacidad, el nuevo Camell\u00f3n de la Bah\u00eda, obra que se encuentra terminada y que se [&hellip;]<\/p>","protected":false},"author":17,"featured_media":8181,"comment_status":"closed","ping_status":"closed","sticky":false,"template":"","format":"standard","meta":{"site-sidebar-layout":"default","site-content-layout":"","ast-site-content-layout":"default","site-content-style":"default","site-sidebar-style":"default","ast-global-header-display":"","ast-banner-title-visibility":"","ast-main-header-display":"","ast-hfb-above-header-display":"","ast-hfb-below-header-display":"","ast-hfb-mobile-header-display":"","site-post-title":"","ast-breadcrumbs-content":"","ast-featured-img":"","footer-sml-layout":"","ast-disable-related-posts":"","theme-transparent-header-meta":"","adv-header-id-meta":"","stick-header-meta":"","header-above-stick-meta":"","header-main-stick-meta":"","header-below-stick-meta":"","astra-migrate-meta-layouts":"default","ast-page-background-enabled":"default","ast-page-background-meta":{"desktop":{"background-color":"var(--ast-global-color-4)","background-image":"","background-repeat":"repeat","background-position":"center center","background-size":"auto","background-attachment":"scroll","background-type":"","background-media":"","overlay-type":"","overlay-color":"","overlay-opacity":"","overlay-gradient":""},"tablet":{"background-color":"","background-image":"","background-repeat":"repeat","background-position":"center center","background-size":"auto","background-attachment":"scroll","background-type":"","background-media":"","overlay-type":"","overlay-color":"","overlay-opacity":"","overlay-gradient":""},"mobile":{"background-color":"","background-image":"","background-repeat":"repeat","background-position":"center center","background-size":"auto","background-attachment":"scroll","background-type":"","background-media":"","overlay-type":"","overlay-color":"","overlay-opacity":"","overlay-gradient":""}},"ast-content-background-meta":{"desktop":{"background-color":"var(--ast-global-color-5)","background-image":"","background-repeat":"repeat","background-position":"center center","background-size":"auto","background-attachment":"scroll","background-type":"","background-media":"","overlay-type":"","overlay-color":"","overlay-opacity":"","overlay-gradient":""},"tablet":{"background-color":"var(--ast-global-color-5)","background-image":"","background-repeat":"repeat","background-position":"center center","background-size":"auto","background-attachment":"scroll","background-type":"","background-media":"","overlay-type":"","overlay-color":"","overlay-opacity":"","overlay-gradient":""},"mobile":{"background-color":"var(--ast-global-color-5)","background-image":"","background-repeat":"repeat","background-position":"center center","background-size":"auto","background-attachment":"scroll","background-type":"","background-media":"","overlay-type":"","overlay-color":"","overlay-opacity":"","overlay-gradient":""}},"footnotes":""},"categories":[53],"tags":[],"class_list":["post-8180","post","type-post","status-publish","format-standard","has-post-thumbnail","hentry","category-ultimas-noticias"],"_links":{"self":[{"href":"https:\/\/edus.gov.co\/en\/wp-json\/wp\/v2\/posts\/8180","targetHints":{"allow":["GET"]}}],"collection":[{"href":"https:\/\/edus.gov.co\/en\/wp-json\/wp\/v2\/posts"}],"about":[{"href":"https:\/\/edus.gov.co\/en\/wp-json\/wp\/v2\/types\/post"}],"author":[{"embeddable":true,"href":"https:\/\/edus.gov.co\/en\/wp-json\/wp\/v2\/users\/17"}],"replies":[{"embeddable":true,"href":"https:\/\/edus.gov.co\/en\/wp-json\/wp\/v2\/comments?post=8180"}],"version-history":[{"count":5,"href":"https:\/\/edus.gov.co\/en\/wp-json\/wp\/v2\/posts\/8180\/revisions"}],"predecessor-version":[{"id":8186,"href":"https:\/\/edus.gov.co\/en\/wp-json\/wp\/v2\/posts\/8180\/revisions\/8186"}],"wp:featuredmedia":[{"embeddable":true,"href":"https:\/\/edus.gov.co\/en\/wp-json\/wp\/v2\/media\/8181"}],"wp:attachment":[{"href":"https:\/\/edus.gov.co\/en\/wp-json\/wp\/v2\/media?parent=8180"}],"wp:term":[{"taxonomy":"category","embeddable":true,"href":"https:\/\/edus.gov.co\/en\/wp-json\/wp\/v2\/categories?post=8180"},{"taxonomy":"post_tag","embeddable":true,"href":"https:\/\/edus.gov.co\/en\/wp-json\/wp\/v2\/tags?post=8180"}],"curies":[{"name":"wp","href":"https:\/\/api.w.org\/{rel}","templated":true}]}}