{"id":8150,"date":"2021-07-25T15:00:00","date_gmt":"2021-07-25T15:00:00","guid":{"rendered":"https:\/\/edus.gov.co\/?p=8150"},"modified":"2021-07-26T15:02:12","modified_gmt":"2021-07-26T15:02:12","slug":"iniciaron-las-labores-topograficas-en-puntos-criticos-de-la-malla-vial-de-santa-marta","status":"publish","type":"post","link":"https:\/\/edus.gov.co\/en\/iniciaron-las-labores-topograficas-en-puntos-criticos-de-la-malla-vial-de-santa-marta\/","title":{"rendered":"Iniciaron las labores topogr\u00e1ficas en puntos cr\u00edticos de la Malla Vial de Santa Marta"},"content":{"rendered":"<div data-elementor-type=\"wp-post\" data-elementor-id=\"8150\" class=\"elementor elementor-8150\" data-elementor-post-type=\"post\">\n\t\t\t\t\t\t<section class=\"elementor-section elementor-top-section elementor-element elementor-element-687bb192 elementor-section-boxed elementor-section-height-default elementor-section-height-default\" data-id=\"687bb192\" data-element_type=\"section\">\n\t\t\t\t\t\t<div class=\"elementor-container elementor-column-gap-default\">\n\t\t\t\t\t<div class=\"elementor-column elementor-col-100 elementor-top-column elementor-element elementor-element-4f30bfab\" data-id=\"4f30bfab\" data-element_type=\"column\">\n\t\t\t<div class=\"elementor-widget-wrap elementor-element-populated\">\n\t\t\t\t\t\t<div class=\"elementor-element elementor-element-2330fad3 elementor-widget elementor-widget-text-editor\" data-id=\"2330fad3\" data-element_type=\"widget\" data-widget_type=\"text-editor.default\">\n\t\t\t\t<div class=\"elementor-widget-container\">\n\t\t\t\t\t\t\t\t\t<p style=\"font-weight: 400;\">La Alcald\u00eda Distrital inici\u00f3 las labores de topograf\u00eda en los tres primeros puntos cr\u00edticos, de los 130 que hacen parte del Plan Masivo de Pavimentaci\u00f3n y Mejoramiento de la Malla Vial de la ciudad.\u00a0\u00a0<\/p><p style=\"font-weight: 400;\">Estos puntos son la intersecci\u00f3n de la avenida del Libertador entre la calle 31 y la avenida del R\u00edo; la calle 26 entre carreras tercera y cuarta,\u00a0sector Prado, y la carrera 8 entre calles 26 y\u00a027.\u00a0\u00a0<\/p><p style=\"font-weight: 400;\">Con estas labores empieza la reconstrucci\u00f3n de 7.000 metros cuadrados de placas en las principales v\u00edas de la ciudad, liderada por la alcaldesa Virna Johnson, quien manifest\u00f3 que esto es s\u00f3lo una parte del plan de mejoramiento de las v\u00edas en la ciudad.\u00a0\u00a0\u201cDesde la Alcald\u00eda ejecutamos y hemos entregado grandes obras de\u00a0malla vial desde la Gerencia de Infraestructura, el Sistema Estrat\u00e9gico de Transporte P\u00fablico de Santa Marta y la EDUS; adem\u00e1s del avance en los procesos para continuar con el programa Mi Calle\u201d, anot\u00f3 la mandataria de los samarios.\u00a0\u00a0<\/p><p style=\"font-weight: 400;\">Con estas intervenciones se habilitar\u00e1n m\u00e1s de dos mil empleos, en las obras funcionales y perdurables en el tiempo, que permitir\u00e1n la reposici\u00f3n de la totalidad de las placas afectadas, garantizando que los huecos no vuelvan a aparecer.\u00a0<\/p><p style=\"font-weight: 400;\">Sobre este proyecto, Dagoberto Ospina, gerente de la EDUS, explic\u00f3 que este plan atiende diferentes frentes, iniciando con intervenciones puntuales en v\u00edas principales, tales como las avenidas del Ferrocarril, del R\u00edo y de Los Estudiantes, donde los huecos inciden en los tiempos de desplazamiento de las personas, las cadenas de suministro y los costos de las operaciones en las actividades comerciales.\u00a0<\/p><p style=\"font-weight: 400;\">\u201cSe dise\u00f1\u00f3 un plan para hacer las intervenciones por fases y variadas: los corredores viales, las obras en los barrios a trav\u00e9s del programa \u2018Mi Calle\u2019 y la reposici\u00f3n de placas atendiendo puntos espec\u00edficos, en cuadrillas que nos permitan no colapsar la ciudad, sin tenerlas al mismo tiempo y siendo eficientes en su distribuci\u00f3n para garantizar una mejor movilidad\u201d, manifest\u00f3 el gerente de la EDUS.\u00a0\u00a0<\/p><p style=\"font-weight: 400;\">La malla vial de Santa Marta en los Gobiernos del Cambio ha tenido una importante inversi\u00f3n, poco a poco se ha transformado con intervenciones integrales que contemplan la reposici\u00f3n de las redes h\u00famedas, dise\u00f1o inclusivo y recuperaci\u00f3n del espacio p\u00fablico.\u00a0<\/p>\t\t\t\t\t\t\t\t<\/div>\n\t\t\t\t<\/div>\n\t\t\t\t\t<\/div>\n\t\t<\/div>\n\t\t\t\t\t<\/div>\n\t\t<\/section>\n\t\t\t\t<section class=\"elementor-section elementor-top-section elementor-element elementor-element-c0d47f5 elementor-section-full_width elementor-section-stretched elementor-section-height-default elementor-section-height-default\" data-id=\"c0d47f5\" data-element_type=\"section\" data-settings=\"{&quot;stretch_section&quot;:&quot;section-stretched&quot;}\">\n\t\t\t\t\t\t\t<div class=\"elementor-background-overlay\"><\/div>\n\t\t\t\t\t\t\t<div class=\"elementor-container elementor-column-gap-default\">\n\t\t\t\t\t<div class=\"elementor-column elementor-col-100 elementor-top-column elementor-element elementor-element-b3f40b9\" data-id=\"b3f40b9\" data-element_type=\"column\">\n\t\t\t<div class=\"elementor-widget-wrap elementor-element-populated\">\n\t\t\t\t\t\t<div class=\"elementor-element elementor-element-939a1e2 elementor-widget elementor-widget-heading\" data-id=\"939a1e2\" data-element_type=\"widget\" data-widget_type=\"heading.default\">\n\t\t\t\t<div class=\"elementor-widget-container\">\n\t\t\t\t\t<h3 class=\"elementor-heading-title elementor-size-default\">\u00daltimas Noticias<\/h3>\t\t\t\t<\/div>\n\t\t\t\t<\/div>\n\t\t\t\t\t<\/div>\n\t\t<\/div>\n\t\t\t\t\t<\/div>\n\t\t<\/section>\n\t\t\t\t<\/div>","protected":false},"excerpt":{"rendered":"<p>La Alcald\u00eda Distrital inici\u00f3 las labores de topograf\u00eda en los tres primeros puntos cr\u00edticos, de los 130 que hacen parte del Plan Masivo de Pavimentaci\u00f3n y Mejoramiento de la Malla Vial de la ciudad.&nbsp;&nbsp; Estos puntos son la intersecci\u00f3n de la avenida del Libertador entre la calle 31 y la avenida del R\u00edo; la calle [&hellip;]<\/p>","protected":false},"author":17,"featured_media":8151,"comment_status":"closed","ping_status":"closed","sticky":false,"template":"","format":"standard","meta":{"site-sidebar-layout":"default","site-content-layout":"","ast-site-content-layout":"default","site-content-style":"default","site-sidebar-style":"default","ast-global-header-display":"","ast-banner-title-visibility":"","ast-main-header-display":"","ast-hfb-above-header-display":"","ast-hfb-below-header-display":"","ast-hfb-mobile-header-display":"","site-post-title":"","ast-breadcrumbs-content":"","ast-featured-img":"","footer-sml-layout":"","ast-disable-related-posts":"","theme-transparent-header-meta":"","adv-header-id-meta":"","stick-header-meta":"","header-above-stick-meta":"","header-main-stick-meta":"","header-below-stick-meta":"","astra-migrate-meta-layouts":"default","ast-page-background-enabled":"default","ast-page-background-meta":{"desktop":{"background-color":"var(--ast-global-color-4)","background-image":"","background-repeat":"repeat","background-position":"center center","background-size":"auto","background-attachment":"scroll","background-type":"","background-media":"","overlay-type":"","overlay-color":"","overlay-opacity":"","overlay-gradient":""},"tablet":{"background-color":"","background-image":"","background-repeat":"repeat","background-position":"center center","background-size":"auto","background-attachment":"scroll","background-type":"","background-media":"","overlay-type":"","overlay-color":"","overlay-opacity":"","overlay-gradient":""},"mobile":{"background-color":"","background-image":"","background-repeat":"repeat","background-position":"center center","background-size":"auto","background-attachment":"scroll","background-type":"","background-media":"","overlay-type":"","overlay-color":"","overlay-opacity":"","overlay-gradient":""}},"ast-content-background-meta":{"desktop":{"background-color":"var(--ast-global-color-5)","background-image":"","background-repeat":"repeat","background-position":"center center","background-size":"auto","background-attachment":"scroll","background-type":"","background-media":"","overlay-type":"","overlay-color":"","overlay-opacity":"","overlay-gradient":""},"tablet":{"background-color":"var(--ast-global-color-5)","background-image":"","background-repeat":"repeat","background-position":"center center","background-size":"auto","background-attachment":"scroll","background-type":"","background-media":"","overlay-type":"","overlay-color":"","overlay-opacity":"","overlay-gradient":""},"mobile":{"background-color":"var(--ast-global-color-5)","background-image":"","background-repeat":"repeat","background-position":"center center","background-size":"auto","background-attachment":"scroll","background-type":"","background-media":"","overlay-type":"","overlay-color":"","overlay-opacity":"","overlay-gradient":""}},"footnotes":""},"categories":[53],"tags":[],"class_list":["post-8150","post","type-post","status-publish","format-standard","has-post-thumbnail","hentry","category-ultimas-noticias"],"_links":{"self":[{"href":"https:\/\/edus.gov.co\/en\/wp-json\/wp\/v2\/posts\/8150","targetHints":{"allow":["GET"]}}],"collection":[{"href":"https:\/\/edus.gov.co\/en\/wp-json\/wp\/v2\/posts"}],"about":[{"href":"https:\/\/edus.gov.co\/en\/wp-json\/wp\/v2\/types\/post"}],"author":[{"embeddable":true,"href":"https:\/\/edus.gov.co\/en\/wp-json\/wp\/v2\/users\/17"}],"replies":[{"embeddable":true,"href":"https:\/\/edus.gov.co\/en\/wp-json\/wp\/v2\/comments?post=8150"}],"version-history":[{"count":5,"href":"https:\/\/edus.gov.co\/en\/wp-json\/wp\/v2\/posts\/8150\/revisions"}],"predecessor-version":[{"id":8156,"href":"https:\/\/edus.gov.co\/en\/wp-json\/wp\/v2\/posts\/8150\/revisions\/8156"}],"wp:featuredmedia":[{"embeddable":true,"href":"https:\/\/edus.gov.co\/en\/wp-json\/wp\/v2\/media\/8151"}],"wp:attachment":[{"href":"https:\/\/edus.gov.co\/en\/wp-json\/wp\/v2\/media?parent=8150"}],"wp:term":[{"taxonomy":"category","embeddable":true,"href":"https:\/\/edus.gov.co\/en\/wp-json\/wp\/v2\/categories?post=8150"},{"taxonomy":"post_tag","embeddable":true,"href":"https:\/\/edus.gov.co\/en\/wp-json\/wp\/v2\/tags?post=8150"}],"curies":[{"name":"wp","href":"https:\/\/api.w.org\/{rel}","templated":true}]}}