{"id":8143,"date":"2021-07-23T14:56:00","date_gmt":"2021-07-23T14:56:00","guid":{"rendered":"https:\/\/edus.gov.co\/?p=8143"},"modified":"2021-07-26T14:59:01","modified_gmt":"2021-07-26T14:59:01","slug":"alcaldesa-virna-johnson-lanza-plan-de-intervencion-masivo-para-el-mejoramiento-de-la-malla-vial","status":"publish","type":"post","link":"https:\/\/edus.gov.co\/en\/alcaldesa-virna-johnson-lanza-plan-de-intervencion-masivo-para-el-mejoramiento-de-la-malla-vial\/","title":{"rendered":"Alcaldesa Virna Johnson lanza Plan de Intervenci\u00f3n Masivo para el Mejoramiento de la Malla Vial"},"content":{"rendered":"<div data-elementor-type=\"wp-post\" data-elementor-id=\"8143\" class=\"elementor elementor-8143\" data-elementor-post-type=\"post\">\n\t\t\t\t\t\t<section class=\"elementor-section elementor-top-section elementor-element elementor-element-687bb192 elementor-section-boxed elementor-section-height-default elementor-section-height-default\" data-id=\"687bb192\" data-element_type=\"section\">\n\t\t\t\t\t\t<div class=\"elementor-container elementor-column-gap-default\">\n\t\t\t\t\t<div class=\"elementor-column elementor-col-100 elementor-top-column elementor-element elementor-element-4f30bfab\" data-id=\"4f30bfab\" data-element_type=\"column\">\n\t\t\t<div class=\"elementor-widget-wrap elementor-element-populated\">\n\t\t\t\t\t\t<div class=\"elementor-element elementor-element-2330fad3 elementor-widget elementor-widget-text-editor\" data-id=\"2330fad3\" data-element_type=\"widget\" data-widget_type=\"text-editor.default\">\n\t\t\t\t<div class=\"elementor-widget-container\">\n\t\t\t\t\t\t\t\t\t<p style=\"font-weight: 400;\">Tras identificar 19 v\u00edas principales con 130 tramos para la reposici\u00f3n de pavimentos la alcaldesa Virna Johnson lanza un ambicioso Plan de Intervenci\u00f3n Masivo para el Mejoramiento de la Malla Vial, que permitir\u00e1 la renovaci\u00f3n de 7.000 metros cuadrados de pavimentos.\u00a0\u00a0<\/p><p style=\"font-weight: 400;\">Entre los tramos a intervenir est\u00e1n la carrera 4ta; las avenidas del Ferrocarril, Bavaria, Libertador, del R\u00edo, Estudiantes y Taminaka; las calles 30, 22, 18, 11 y la calle 16 del barrio Bastidas; las carreras 21 F y 2da de El Rodadero, lo mismo que la calle 19; y algunos puntos ubicados en Los Cocos, Curinca, Concepci\u00f3n, Pescaito, entre otros sectores priorizados, teniendo en cuenta el deterioro de las v\u00edas y el alto flujo o tr\u00e1nsito vehicular.\u00a0\u00a0<\/p><p style=\"font-weight: 400;\">Durante la visita a uno de los tramos intervenidos en la primera fase, la alcaldesa Virna Johnson manifest\u00f3 que: \u201cContinu\u00e1remos la reposici\u00f3n de placas para acabar con los huecos, modernizar la malla vial de la ciudad y reactivar nuestra econom\u00eda con la generaci\u00f3n de m\u00e1s de 2,000 empleos, incluyendo mano de obra local, madres cabeza de familia y j\u00f3venes para garantizarles oportunidades y un mejor futuro\u201d.\u00a0\u00a0<\/p><p style=\"font-weight: 400;\">Estas intervenciones se desarrollar\u00e1n durante los pr\u00f3ximos meses y se implementar\u00e1n acciones para mitigar el impacto de las obras en la movilidad y la circulaci\u00f3n de los veh\u00edculos.\u00a0\u00a0<\/p><p style=\"font-weight: 400;\">Es importante mencionar que, de los 7.000 metros cuadrados de pavimentos a reponer, se incluye 1.157 metros cuadrados en tramos barriales, postulados por las comunidades, atendiendo las solicitudes hechas en varios sectores.\u00a0\u00a0\u00a0<\/p><p style=\"font-weight: 400;\">La primera fase de reparcheo se adelant\u00f3 entre finales del 2020 e inicios del presente a\u00f1o, se recuperaron 2.000 metros cuadrados de tramos viales, entre los que se encuentran las intersecciones de la carrera 4ta con las calles 30 y 31, la entrada al aeropuerto Sim\u00f3n Bol\u00edvar, la calle 18 entre carrera 19 y avenida del Libertador en cercan\u00edas a la Unidad Deportiva Bolivariana, la avenida Tamac\u00e1 \u2013 sector Salguero y la calle 21 a la 19.\u00a0\u00a0<\/p><p style=\"font-weight: 400;\">La recuperaci\u00f3n de la Malla Vial de la ciudad ha sido una de las prioridades de los Gobiernos del Cambio, iniciando con el actual gobernador, Carlos Caicedo; despu\u00e9s con Rafael Mart\u00ednez y actualmente, con la alcaldesa Virna Johnson, quienes han trabajado para resolver un problema hist\u00f3rico que dej\u00f3 la concesi\u00f3n Malla Vial.\u00a0\u00a0<\/p><p style=\"font-weight: 400;\">Entre las obras ejecutadas en los \u00faltimos a\u00f1os se destacan las del Sistema Estrat\u00e9gico de Transporte P\u00fablico \u2013Setp\u2013, como la prolongaci\u00f3n de la Av. del R\u00edo, avances en la ampliaci\u00f3n de la calle 30, la construcci\u00f3n de modernos puentes, adem\u00e1s de programas como Mi Calle.\u00a0<\/p><p style=\"font-weight: 400;\">Actualmente la alcaldesa ejecuta de forma simult\u00e1nea obras integrales de mejoramiento de malla vial en: la carrera 19 entre la V\u00eda Alterna y Av. Libertador, el anillo vial de El Pando, la v\u00eda Oasis y las fases 2 y 5 de la calle 30, entre otras.\u00a0\u00a0<\/p><p style=\"font-weight: 400;\">As\u00ed mismo,\u00a0a todas estas intervenciones se sumar\u00e1n proyectos que iniciar\u00e1n durante el segundo semestre del a\u00f1o en frentes estrat\u00e9gicos como lo son los corredores viales de Timayui y Once de Noviembre, 1.5 kil\u00f3metros de la v\u00eda al Ziruma, una nueva fase del Programa Mi Calle y tramos en los sectores de Bastidas y Gaira.\u00a0<\/p>\t\t\t\t\t\t\t\t<\/div>\n\t\t\t\t<\/div>\n\t\t\t\t\t<\/div>\n\t\t<\/div>\n\t\t\t\t\t<\/div>\n\t\t<\/section>\n\t\t\t\t<section class=\"elementor-section elementor-top-section elementor-element elementor-element-c0d47f5 elementor-section-full_width elementor-section-stretched elementor-section-height-default elementor-section-height-default\" data-id=\"c0d47f5\" data-element_type=\"section\" data-settings=\"{&quot;stretch_section&quot;:&quot;section-stretched&quot;}\">\n\t\t\t\t\t\t\t<div class=\"elementor-background-overlay\"><\/div>\n\t\t\t\t\t\t\t<div class=\"elementor-container elementor-column-gap-default\">\n\t\t\t\t\t<div class=\"elementor-column elementor-col-100 elementor-top-column elementor-element elementor-element-b3f40b9\" data-id=\"b3f40b9\" data-element_type=\"column\">\n\t\t\t<div class=\"elementor-widget-wrap elementor-element-populated\">\n\t\t\t\t\t\t<div class=\"elementor-element elementor-element-939a1e2 elementor-widget elementor-widget-heading\" data-id=\"939a1e2\" data-element_type=\"widget\" data-widget_type=\"heading.default\">\n\t\t\t\t<div class=\"elementor-widget-container\">\n\t\t\t\t\t<h3 class=\"elementor-heading-title elementor-size-default\">\u00daltimas Noticias<\/h3>\t\t\t\t<\/div>\n\t\t\t\t<\/div>\n\t\t\t\t\t<\/div>\n\t\t<\/div>\n\t\t\t\t\t<\/div>\n\t\t<\/section>\n\t\t\t\t<\/div>","protected":false},"excerpt":{"rendered":"<p>Tras identificar 19 v\u00edas principales con 130 tramos para la reposici\u00f3n de pavimentos la alcaldesa Virna Johnson lanza un ambicioso Plan de Intervenci\u00f3n Masivo para el Mejoramiento de la Malla Vial, que permitir\u00e1 la renovaci\u00f3n de 7.000 metros cuadrados de pavimentos.&nbsp;&nbsp; Entre los tramos a intervenir est\u00e1n la carrera 4ta; las avenidas del Ferrocarril, Bavaria, [&hellip;]<\/p>","protected":false},"author":17,"featured_media":8144,"comment_status":"closed","ping_status":"closed","sticky":false,"template":"","format":"standard","meta":{"site-sidebar-layout":"default","site-content-layout":"","ast-site-content-layout":"default","site-content-style":"default","site-sidebar-style":"default","ast-global-header-display":"","ast-banner-title-visibility":"","ast-main-header-display":"","ast-hfb-above-header-display":"","ast-hfb-below-header-display":"","ast-hfb-mobile-header-display":"","site-post-title":"","ast-breadcrumbs-content":"","ast-featured-img":"","footer-sml-layout":"","ast-disable-related-posts":"","theme-transparent-header-meta":"","adv-header-id-meta":"","stick-header-meta":"","header-above-stick-meta":"","header-main-stick-meta":"","header-below-stick-meta":"","astra-migrate-meta-layouts":"default","ast-page-background-enabled":"default","ast-page-background-meta":{"desktop":{"background-color":"var(--ast-global-color-4)","background-image":"","background-repeat":"repeat","background-position":"center center","background-size":"auto","background-attachment":"scroll","background-type":"","background-media":"","overlay-type":"","overlay-color":"","overlay-opacity":"","overlay-gradient":""},"tablet":{"background-color":"","background-image":"","background-repeat":"repeat","background-position":"center center","background-size":"auto","background-attachment":"scroll","background-type":"","background-media":"","overlay-type":"","overlay-color":"","overlay-opacity":"","overlay-gradient":""},"mobile":{"background-color":"","background-image":"","background-repeat":"repeat","background-position":"center center","background-size":"auto","background-attachment":"scroll","background-type":"","background-media":"","overlay-type":"","overlay-color":"","overlay-opacity":"","overlay-gradient":""}},"ast-content-background-meta":{"desktop":{"background-color":"var(--ast-global-color-5)","background-image":"","background-repeat":"repeat","background-position":"center center","background-size":"auto","background-attachment":"scroll","background-type":"","background-media":"","overlay-type":"","overlay-color":"","overlay-opacity":"","overlay-gradient":""},"tablet":{"background-color":"var(--ast-global-color-5)","background-image":"","background-repeat":"repeat","background-position":"center center","background-size":"auto","background-attachment":"scroll","background-type":"","background-media":"","overlay-type":"","overlay-color":"","overlay-opacity":"","overlay-gradient":""},"mobile":{"background-color":"var(--ast-global-color-5)","background-image":"","background-repeat":"repeat","background-position":"center center","background-size":"auto","background-attachment":"scroll","background-type":"","background-media":"","overlay-type":"","overlay-color":"","overlay-opacity":"","overlay-gradient":""}},"footnotes":""},"categories":[53],"tags":[],"class_list":["post-8143","post","type-post","status-publish","format-standard","has-post-thumbnail","hentry","category-ultimas-noticias"],"_links":{"self":[{"href":"https:\/\/edus.gov.co\/en\/wp-json\/wp\/v2\/posts\/8143","targetHints":{"allow":["GET"]}}],"collection":[{"href":"https:\/\/edus.gov.co\/en\/wp-json\/wp\/v2\/posts"}],"about":[{"href":"https:\/\/edus.gov.co\/en\/wp-json\/wp\/v2\/types\/post"}],"author":[{"embeddable":true,"href":"https:\/\/edus.gov.co\/en\/wp-json\/wp\/v2\/users\/17"}],"replies":[{"embeddable":true,"href":"https:\/\/edus.gov.co\/en\/wp-json\/wp\/v2\/comments?post=8143"}],"version-history":[{"count":5,"href":"https:\/\/edus.gov.co\/en\/wp-json\/wp\/v2\/posts\/8143\/revisions"}],"predecessor-version":[{"id":8149,"href":"https:\/\/edus.gov.co\/en\/wp-json\/wp\/v2\/posts\/8143\/revisions\/8149"}],"wp:featuredmedia":[{"embeddable":true,"href":"https:\/\/edus.gov.co\/en\/wp-json\/wp\/v2\/media\/8144"}],"wp:attachment":[{"href":"https:\/\/edus.gov.co\/en\/wp-json\/wp\/v2\/media?parent=8143"}],"wp:term":[{"taxonomy":"category","embeddable":true,"href":"https:\/\/edus.gov.co\/en\/wp-json\/wp\/v2\/categories?post=8143"},{"taxonomy":"post_tag","embeddable":true,"href":"https:\/\/edus.gov.co\/en\/wp-json\/wp\/v2\/tags?post=8143"}],"curies":[{"name":"wp","href":"https:\/\/api.w.org\/{rel}","templated":true}]}}