{"id":8136,"date":"2021-07-21T13:49:00","date_gmt":"2021-07-21T13:49:00","guid":{"rendered":"https:\/\/edus.gov.co\/?p=8136"},"modified":"2021-07-22T13:52:02","modified_gmt":"2021-07-22T13:52:02","slug":"iniciaron-labores-preliminares-para-el-cierre-de-la-fase-ii-del-camellon-de-el-rodadero","status":"publish","type":"post","link":"https:\/\/edus.gov.co\/en\/iniciaron-labores-preliminares-para-el-cierre-de-la-fase-ii-del-camellon-de-el-rodadero\/","title":{"rendered":"Iniciaron labores preliminares para el cierre de la fase II del Camell\u00f3n de El Rodadero"},"content":{"rendered":"<div data-elementor-type=\"wp-post\" data-elementor-id=\"8136\" class=\"elementor elementor-8136\" data-elementor-post-type=\"post\">\n\t\t\t\t\t\t<section class=\"elementor-section elementor-top-section elementor-element elementor-element-687bb192 elementor-section-boxed elementor-section-height-default elementor-section-height-default\" data-id=\"687bb192\" data-element_type=\"section\">\n\t\t\t\t\t\t<div class=\"elementor-container elementor-column-gap-default\">\n\t\t\t\t\t<div class=\"elementor-column elementor-col-100 elementor-top-column elementor-element elementor-element-4f30bfab\" data-id=\"4f30bfab\" data-element_type=\"column\">\n\t\t\t<div class=\"elementor-widget-wrap elementor-element-populated\">\n\t\t\t\t\t\t<div class=\"elementor-element elementor-element-2330fad3 elementor-widget elementor-widget-text-editor\" data-id=\"2330fad3\" data-element_type=\"widget\" data-widget_type=\"text-editor.default\">\n\t\t\t\t<div class=\"elementor-widget-container\">\n\t\t\t\t\t\t\t\t\t<p style=\"font-weight: 400;\"><em>* Se mantendr\u00e1n los espacios de di\u00e1logo con los prestadores de servicios para presentar los avances de las obras y concertar las medidas que mitiguen el impacto de las obras en este sector.\u00a0<\/em><\/p><p style=\"font-weight: 400;\">Luego de avanzar en las obras de remodelaci\u00f3n del Camell\u00f3n de El Rodadero, desde la calle 11 hasta la 9 con carrera primera, bajo el liderazgo de la alcaldesa Virna Johnson, a trav\u00e9s de la Empresa de Desarrollo y Renovaci\u00f3n Urbano Sostenible de Santa Marta,\u00a0EDUS, el contratista Consorcio Camell\u00f3n Rodadero, inici\u00f3 el cerramiento entre la calle 9 y el canal de Las Iguanas para avanzar en la intervenci\u00f3n del sector.\u00a0\u00a0<\/p><p style=\"font-weight: 400;\">Como parte de las actividades preliminares se hace el cerramiento, de acuerdo con el \u00e1rea de intervenci\u00f3n aprobada por la Direcci\u00f3n Mar\u00edtima General \u2013 DIMAR \u2013, donde se continuar\u00e1 con la remodelaci\u00f3n y rehabilitaci\u00f3n del espacio p\u00fablico del Camell\u00f3n y la intervenci\u00f3n sobre la carrera Primera. Posteriormente, se instalar\u00e1n las redes del acueducto y el sistema de alcantarillado sanitario, se har\u00e1 la construcci\u00f3n del box culvert para la evacuaci\u00f3n de las aguas lluvias y la intervenci\u00f3n del espacio p\u00fablico, aplicando par\u00e1metros universales para garantizar la accesibilidad de las personas con limitaciones de movilidad.\u00a0\u00a0<\/p><p style=\"font-weight: 400;\">El equipo social de la EDUS, en compa\u00f1\u00eda del Contratista y la interventor\u00eda,\u00a0ha socializado esta actividad con el gremio de comerciantes, restaurantes y vendedores para recordar el cierre de esta fase, el cual se hab\u00eda socializado en rondas previas, enfatizando en que es necesario para acelerar el desarrollo del proyecto y terminar las obras en el menor tiempo posible, evitando afectar la temporada tur\u00edstica de final de a\u00f1o\u00a0e inicio del 2022.\u00a0\u00a0<\/p><p style=\"font-weight: 400;\">Desde la Administraci\u00f3n Distrital se mantendr\u00e1n los espacios de di\u00e1logo con los prestadores de servicios para presentar los avances de las obras y concertar las medidas que mitiguen el impacto de los trabajos en este sector.\u00a0<\/p><p style=\"font-weight: 400;\">A la fecha, ya se termin\u00f3 el tramo de la calle 11 entre carreras Primera y Segunda; y actualmente se construye el box coulvert en concreto sobre toda la carrera Primera, que conectar\u00e1 la calle 11 hasta la 9 y el canal de Las Iguanas. Adem\u00e1s, se ha intervenido el espacio p\u00fablico del Camell\u00f3n y\u00a0construidos los andenes en concreto estampado, con sus respectivas losetas podot\u00e1ctiles y rampas, garantizando el acceso a las personas con movilidad reducida y se avanza en la instalaci\u00f3n de los m\u00f3dulos comerciales y las acometidas hidr\u00e1ulicas y sanitarias\u00a0para los mismos.\u00a0<\/p><p style=\"font-weight: 400;\">As\u00ed mismo, se hace la reposici\u00f3n de \u00e1rboles en mal estado y se siembran nuevas especies nativas de \u00e1rboles para contar con un proyecto ambientalmente sostenible.\u00a0<\/p><p style=\"font-weight: 400;\">Durante el cierre, se mantendr\u00e1 el acceso por la calle 11, el canal de Las Iguanas, Mi Ranchito y un acceso provisional por la calle\u00a07 de El Rodadero.\u00a0<\/p><p>\u00a0<\/p>\t\t\t\t\t\t\t\t<\/div>\n\t\t\t\t<\/div>\n\t\t\t\t\t<\/div>\n\t\t<\/div>\n\t\t\t\t\t<\/div>\n\t\t<\/section>\n\t\t\t\t<section class=\"elementor-section elementor-top-section elementor-element elementor-element-c0d47f5 elementor-section-full_width elementor-section-stretched elementor-section-height-default elementor-section-height-default\" data-id=\"c0d47f5\" data-element_type=\"section\" data-settings=\"{&quot;stretch_section&quot;:&quot;section-stretched&quot;}\">\n\t\t\t\t\t\t\t<div class=\"elementor-background-overlay\"><\/div>\n\t\t\t\t\t\t\t<div class=\"elementor-container elementor-column-gap-default\">\n\t\t\t\t\t<div class=\"elementor-column elementor-col-100 elementor-top-column elementor-element elementor-element-b3f40b9\" data-id=\"b3f40b9\" data-element_type=\"column\">\n\t\t\t<div class=\"elementor-widget-wrap elementor-element-populated\">\n\t\t\t\t\t\t<div class=\"elementor-element elementor-element-939a1e2 elementor-widget elementor-widget-heading\" data-id=\"939a1e2\" data-element_type=\"widget\" data-widget_type=\"heading.default\">\n\t\t\t\t<div class=\"elementor-widget-container\">\n\t\t\t\t\t<h3 class=\"elementor-heading-title elementor-size-default\">\u00daltimas Noticias<\/h3>\t\t\t\t<\/div>\n\t\t\t\t<\/div>\n\t\t\t\t\t<\/div>\n\t\t<\/div>\n\t\t\t\t\t<\/div>\n\t\t<\/section>\n\t\t\t\t<\/div>","protected":false},"excerpt":{"rendered":"<p>* Se mantendr\u00e1n los espacios de di\u00e1logo con los prestadores de servicios para presentar los avances de las obras y concertar las medidas que mitiguen el impacto de las obras en este sector.&nbsp; Luego de avanzar en las obras de remodelaci\u00f3n del Camell\u00f3n de El Rodadero, desde la calle 11 hasta la 9 con carrera [&hellip;]<\/p>","protected":false},"author":17,"featured_media":8137,"comment_status":"closed","ping_status":"closed","sticky":false,"template":"","format":"standard","meta":{"site-sidebar-layout":"default","site-content-layout":"","ast-site-content-layout":"default","site-content-style":"default","site-sidebar-style":"default","ast-global-header-display":"","ast-banner-title-visibility":"","ast-main-header-display":"","ast-hfb-above-header-display":"","ast-hfb-below-header-display":"","ast-hfb-mobile-header-display":"","site-post-title":"","ast-breadcrumbs-content":"","ast-featured-img":"","footer-sml-layout":"","ast-disable-related-posts":"","theme-transparent-header-meta":"","adv-header-id-meta":"","stick-header-meta":"","header-above-stick-meta":"","header-main-stick-meta":"","header-below-stick-meta":"","astra-migrate-meta-layouts":"default","ast-page-background-enabled":"default","ast-page-background-meta":{"desktop":{"background-color":"var(--ast-global-color-4)","background-image":"","background-repeat":"repeat","background-position":"center center","background-size":"auto","background-attachment":"scroll","background-type":"","background-media":"","overlay-type":"","overlay-color":"","overlay-opacity":"","overlay-gradient":""},"tablet":{"background-color":"","background-image":"","background-repeat":"repeat","background-position":"center center","background-size":"auto","background-attachment":"scroll","background-type":"","background-media":"","overlay-type":"","overlay-color":"","overlay-opacity":"","overlay-gradient":""},"mobile":{"background-color":"","background-image":"","background-repeat":"repeat","background-position":"center center","background-size":"auto","background-attachment":"scroll","background-type":"","background-media":"","overlay-type":"","overlay-color":"","overlay-opacity":"","overlay-gradient":""}},"ast-content-background-meta":{"desktop":{"background-color":"var(--ast-global-color-5)","background-image":"","background-repeat":"repeat","background-position":"center center","background-size":"auto","background-attachment":"scroll","background-type":"","background-media":"","overlay-type":"","overlay-color":"","overlay-opacity":"","overlay-gradient":""},"tablet":{"background-color":"var(--ast-global-color-5)","background-image":"","background-repeat":"repeat","background-position":"center center","background-size":"auto","background-attachment":"scroll","background-type":"","background-media":"","overlay-type":"","overlay-color":"","overlay-opacity":"","overlay-gradient":""},"mobile":{"background-color":"var(--ast-global-color-5)","background-image":"","background-repeat":"repeat","background-position":"center center","background-size":"auto","background-attachment":"scroll","background-type":"","background-media":"","overlay-type":"","overlay-color":"","overlay-opacity":"","overlay-gradient":""}},"footnotes":""},"categories":[53],"tags":[],"class_list":["post-8136","post","type-post","status-publish","format-standard","has-post-thumbnail","hentry","category-ultimas-noticias"],"_links":{"self":[{"href":"https:\/\/edus.gov.co\/en\/wp-json\/wp\/v2\/posts\/8136","targetHints":{"allow":["GET"]}}],"collection":[{"href":"https:\/\/edus.gov.co\/en\/wp-json\/wp\/v2\/posts"}],"about":[{"href":"https:\/\/edus.gov.co\/en\/wp-json\/wp\/v2\/types\/post"}],"author":[{"embeddable":true,"href":"https:\/\/edus.gov.co\/en\/wp-json\/wp\/v2\/users\/17"}],"replies":[{"embeddable":true,"href":"https:\/\/edus.gov.co\/en\/wp-json\/wp\/v2\/comments?post=8136"}],"version-history":[{"count":5,"href":"https:\/\/edus.gov.co\/en\/wp-json\/wp\/v2\/posts\/8136\/revisions"}],"predecessor-version":[{"id":8142,"href":"https:\/\/edus.gov.co\/en\/wp-json\/wp\/v2\/posts\/8136\/revisions\/8142"}],"wp:featuredmedia":[{"embeddable":true,"href":"https:\/\/edus.gov.co\/en\/wp-json\/wp\/v2\/media\/8137"}],"wp:attachment":[{"href":"https:\/\/edus.gov.co\/en\/wp-json\/wp\/v2\/media?parent=8136"}],"wp:term":[{"taxonomy":"category","embeddable":true,"href":"https:\/\/edus.gov.co\/en\/wp-json\/wp\/v2\/categories?post=8136"},{"taxonomy":"post_tag","embeddable":true,"href":"https:\/\/edus.gov.co\/en\/wp-json\/wp\/v2\/tags?post=8136"}],"curies":[{"name":"wp","href":"https:\/\/api.w.org\/{rel}","templated":true}]}}