{"id":8128,"date":"2021-07-16T16:48:21","date_gmt":"2021-07-16T16:48:21","guid":{"rendered":"https:\/\/edus.gov.co\/?p=8128"},"modified":"2021-07-16T16:52:29","modified_gmt":"2021-07-16T16:52:29","slug":"distrito-socializa-avances-en-la-remodelacion-del-camellon-de-el-rodadero-con-silleteros-y-vendedores-estacionarios","status":"publish","type":"post","link":"https:\/\/edus.gov.co\/en\/distrito-socializa-avances-en-la-remodelacion-del-camellon-de-el-rodadero-con-silleteros-y-vendedores-estacionarios\/","title":{"rendered":"Distrito socializa avances en la remodelaci\u00f3n del Camell\u00f3n de El Rodadero con silleteros y vendedores estacionarios"},"content":{"rendered":"<div data-elementor-type=\"wp-post\" data-elementor-id=\"8128\" class=\"elementor elementor-8128\" data-elementor-post-type=\"post\">\n\t\t\t\t\t\t<section class=\"elementor-section elementor-top-section elementor-element elementor-element-687bb192 elementor-section-boxed elementor-section-height-default elementor-section-height-default\" data-id=\"687bb192\" data-element_type=\"section\">\n\t\t\t\t\t\t<div class=\"elementor-container elementor-column-gap-default\">\n\t\t\t\t\t<div class=\"elementor-column elementor-col-100 elementor-top-column elementor-element elementor-element-4f30bfab\" data-id=\"4f30bfab\" data-element_type=\"column\">\n\t\t\t<div class=\"elementor-widget-wrap elementor-element-populated\">\n\t\t\t\t\t\t<div class=\"elementor-element elementor-element-2330fad3 elementor-widget elementor-widget-text-editor\" data-id=\"2330fad3\" data-element_type=\"widget\" data-widget_type=\"text-editor.default\">\n\t\t\t\t<div class=\"elementor-widget-container\">\n\t\t\t\t\t\t\t\t\t<p><i>Tambi\u00e9n se desarroll\u00f3 un espacio con los carperos del sector, con la participaci\u00f3n de la Secretar\u00eda de Gobierno, Desarrollo Econ\u00f3mico y la EDUS, revisando temas como la reubicaci\u00f3n, el manejo de las basuras, cierres temporales, entre otros.<\/i>\u00a0\u00a0\u00a0<\/p><p>La importancia, los avances y el cronograma de obras del proyecto de remodelaci\u00f3n del Camell\u00f3n de El Rodadero, fueron socializados ante los silleteros y vendedores estacionarios del sector, por la Alcald\u00eda Distrital, a trav\u00e9s del Equipo de la Empresa de Desarrollo y Renovaci\u00f3n Urbano Sostenible de Santa Marta. \u00a0<\/p><p>Este recorrido inici\u00f3 en la calle 11 con carrera primera, zona en la que se interviene el espacio p\u00fablico, se construyen los andenes y el concreto estampado, con sus respectivas losetas podot\u00e1ctiles y rampas, garantizando el acceso a las personas con movilidad reducida. \u00a0<\/p><p>Adicionalmente, se inform\u00f3 sobre la compensaci\u00f3n ambiental que se adelanta para convertir el Camell\u00f3n en una zona verde, llena de sombra para los locales y visitantes, que contribuir\u00e1 a la conservaci\u00f3n del medio ambiente.\u00a0<\/p><p>Posteriormente se inspeccionaron los m\u00f3dulos comerciales, construidos para la reubicaci\u00f3n de los comerciantes. As\u00ed mismo, se mostraron los avances en la instalaci\u00f3n de las redes h\u00famedas como la red de acueducto, el sistema de alcantarillado y la construcci\u00f3n del box coulvert, que recoger\u00e1 las aguas lluvias en la zona hasta evacuarlas en el canal de Las Iguanas, evitando las inundaciones en el sector. \u00a0<\/p><p>Finalmente, se les inform\u00f3 sobre las intervenciones que se encuentran programadas para inicio del mes de agosto, con miras a continuar avanzando en este importante proyecto liderado por la alcaldesa Virna Johnson, que cambiar\u00e1 el sector tur\u00edstico, la oferta a los visitantes y estimular\u00e1 la econom\u00eda local y nacional.\u00a0<\/p><p>La Alcald\u00eda seguir\u00e1 apost\u00e1ndole a este proyecto, que organizar\u00e1, mejorar\u00e1 las din\u00e1micas y permitir\u00e1 dar un salto cualitativo en la oferta tur\u00edstica y econ\u00f3mica de la ciudad, puesto que la transformar\u00e1 en una de las de mayor potencial para los locales y visitantes.\u00a0<\/p>\t\t\t\t\t\t\t\t<\/div>\n\t\t\t\t<\/div>\n\t\t\t\t\t<\/div>\n\t\t<\/div>\n\t\t\t\t\t<\/div>\n\t\t<\/section>\n\t\t\t\t<section class=\"elementor-section elementor-top-section elementor-element elementor-element-c0d47f5 elementor-section-full_width elementor-section-stretched elementor-section-height-default elementor-section-height-default\" data-id=\"c0d47f5\" data-element_type=\"section\" data-settings=\"{&quot;stretch_section&quot;:&quot;section-stretched&quot;}\">\n\t\t\t\t\t\t\t<div class=\"elementor-background-overlay\"><\/div>\n\t\t\t\t\t\t\t<div class=\"elementor-container elementor-column-gap-default\">\n\t\t\t\t\t<div class=\"elementor-column elementor-col-100 elementor-top-column elementor-element elementor-element-b3f40b9\" data-id=\"b3f40b9\" data-element_type=\"column\">\n\t\t\t<div class=\"elementor-widget-wrap elementor-element-populated\">\n\t\t\t\t\t\t<div class=\"elementor-element elementor-element-939a1e2 elementor-widget elementor-widget-heading\" data-id=\"939a1e2\" data-element_type=\"widget\" data-widget_type=\"heading.default\">\n\t\t\t\t<div class=\"elementor-widget-container\">\n\t\t\t\t\t<h3 class=\"elementor-heading-title elementor-size-default\">\u00daltimas Noticias<\/h3>\t\t\t\t<\/div>\n\t\t\t\t<\/div>\n\t\t\t\t\t<\/div>\n\t\t<\/div>\n\t\t\t\t\t<\/div>\n\t\t<\/section>\n\t\t\t\t<\/div>","protected":false},"excerpt":{"rendered":"<p>Tambi\u00e9n se desarroll\u00f3 un espacio con los carperos del sector, con la participaci\u00f3n de la Secretar\u00eda de Gobierno, Desarrollo Econ\u00f3mico y la EDUS, revisando temas como la reubicaci\u00f3n, el manejo de las basuras, cierres temporales, entre otros.\u00a0\u00a0\u00a0 La importancia, los avances y el cronograma de obras del proyecto de remodelaci\u00f3n del Camell\u00f3n de El Rodadero, [&hellip;]<\/p>","protected":false},"author":17,"featured_media":8129,"comment_status":"closed","ping_status":"closed","sticky":false,"template":"","format":"standard","meta":{"site-sidebar-layout":"default","site-content-layout":"","ast-site-content-layout":"default","site-content-style":"default","site-sidebar-style":"default","ast-global-header-display":"","ast-banner-title-visibility":"","ast-main-header-display":"","ast-hfb-above-header-display":"","ast-hfb-below-header-display":"","ast-hfb-mobile-header-display":"","site-post-title":"","ast-breadcrumbs-content":"","ast-featured-img":"","footer-sml-layout":"","ast-disable-related-posts":"","theme-transparent-header-meta":"","adv-header-id-meta":"","stick-header-meta":"","header-above-stick-meta":"","header-main-stick-meta":"","header-below-stick-meta":"","astra-migrate-meta-layouts":"default","ast-page-background-enabled":"default","ast-page-background-meta":{"desktop":{"background-color":"var(--ast-global-color-4)","background-image":"","background-repeat":"repeat","background-position":"center center","background-size":"auto","background-attachment":"scroll","background-type":"","background-media":"","overlay-type":"","overlay-color":"","overlay-opacity":"","overlay-gradient":""},"tablet":{"background-color":"","background-image":"","background-repeat":"repeat","background-position":"center center","background-size":"auto","background-attachment":"scroll","background-type":"","background-media":"","overlay-type":"","overlay-color":"","overlay-opacity":"","overlay-gradient":""},"mobile":{"background-color":"","background-image":"","background-repeat":"repeat","background-position":"center center","background-size":"auto","background-attachment":"scroll","background-type":"","background-media":"","overlay-type":"","overlay-color":"","overlay-opacity":"","overlay-gradient":""}},"ast-content-background-meta":{"desktop":{"background-color":"var(--ast-global-color-5)","background-image":"","background-repeat":"repeat","background-position":"center center","background-size":"auto","background-attachment":"scroll","background-type":"","background-media":"","overlay-type":"","overlay-color":"","overlay-opacity":"","overlay-gradient":""},"tablet":{"background-color":"var(--ast-global-color-5)","background-image":"","background-repeat":"repeat","background-position":"center center","background-size":"auto","background-attachment":"scroll","background-type":"","background-media":"","overlay-type":"","overlay-color":"","overlay-opacity":"","overlay-gradient":""},"mobile":{"background-color":"var(--ast-global-color-5)","background-image":"","background-repeat":"repeat","background-position":"center center","background-size":"auto","background-attachment":"scroll","background-type":"","background-media":"","overlay-type":"","overlay-color":"","overlay-opacity":"","overlay-gradient":""}},"footnotes":""},"categories":[53],"tags":[],"class_list":["post-8128","post","type-post","status-publish","format-standard","has-post-thumbnail","hentry","category-ultimas-noticias"],"_links":{"self":[{"href":"https:\/\/edus.gov.co\/en\/wp-json\/wp\/v2\/posts\/8128","targetHints":{"allow":["GET"]}}],"collection":[{"href":"https:\/\/edus.gov.co\/en\/wp-json\/wp\/v2\/posts"}],"about":[{"href":"https:\/\/edus.gov.co\/en\/wp-json\/wp\/v2\/types\/post"}],"author":[{"embeddable":true,"href":"https:\/\/edus.gov.co\/en\/wp-json\/wp\/v2\/users\/17"}],"replies":[{"embeddable":true,"href":"https:\/\/edus.gov.co\/en\/wp-json\/wp\/v2\/comments?post=8128"}],"version-history":[{"count":5,"href":"https:\/\/edus.gov.co\/en\/wp-json\/wp\/v2\/posts\/8128\/revisions"}],"predecessor-version":[{"id":8134,"href":"https:\/\/edus.gov.co\/en\/wp-json\/wp\/v2\/posts\/8128\/revisions\/8134"}],"wp:featuredmedia":[{"embeddable":true,"href":"https:\/\/edus.gov.co\/en\/wp-json\/wp\/v2\/media\/8129"}],"wp:attachment":[{"href":"https:\/\/edus.gov.co\/en\/wp-json\/wp\/v2\/media?parent=8128"}],"wp:term":[{"taxonomy":"category","embeddable":true,"href":"https:\/\/edus.gov.co\/en\/wp-json\/wp\/v2\/categories?post=8128"},{"taxonomy":"post_tag","embeddable":true,"href":"https:\/\/edus.gov.co\/en\/wp-json\/wp\/v2\/tags?post=8128"}],"curies":[{"name":"wp","href":"https:\/\/api.w.org\/{rel}","templated":true}]}}