{"id":12328,"date":"2026-04-27T11:44:30","date_gmt":"2026-04-27T16:44:30","guid":{"rendered":"https:\/\/edus.gov.co\/?p=12328"},"modified":"2026-04-27T12:30:58","modified_gmt":"2026-04-27T17:30:58","slug":"alcalde-carlos-pinedo-cuello-le-cumple-a-la-zona-rural","status":"publish","type":"post","link":"https:\/\/edus.gov.co\/en\/alcalde-carlos-pinedo-cuello-le-cumple-a-la-zona-rural\/","title":{"rendered":"Alcalde Carlos Pinedo Cuello, le cumple a la zona rural: LA V\u00cdA A JAMONACAL ES UNA REALIDAD"},"content":{"rendered":"<div data-elementor-type=\"wp-post\" data-elementor-id=\"12328\" class=\"elementor elementor-12328\" data-elementor-post-type=\"post\">\n\t\t\t\t\t\t<section class=\"elementor-section elementor-top-section elementor-element elementor-element-687bb192 elementor-section-boxed elementor-section-height-default elementor-section-height-default\" data-id=\"687bb192\" data-element_type=\"section\">\n\t\t\t\t\t\t<div class=\"elementor-container elementor-column-gap-default\">\n\t\t\t\t\t<div class=\"elementor-column elementor-col-100 elementor-top-column elementor-element elementor-element-4f30bfab\" data-id=\"4f30bfab\" data-element_type=\"column\">\n\t\t\t<div class=\"elementor-widget-wrap elementor-element-populated\">\n\t\t\t\t\t\t<div class=\"elementor-element elementor-element-2330fad3 elementor-widget elementor-widget-text-editor\" data-id=\"2330fad3\" data-element_type=\"widget\" data-widget_type=\"text-editor.default\">\n\t\t\t\t<div class=\"elementor-widget-container\">\n\t\t\t\t\t\t\t\t\t<div class=\"x_1956382736align-justify\"><span class=\"x_1956382736size\"><span class=\"x_1956382736font\">En la administraci\u00f3n del alcalde Carlos Pinedo Cuello, los compromisos se cumplen con hechos.<\/span><span class=\"x_1956382736font\"><br \/><\/span><\/span><\/div>\n<div class=\"x_1956382736align-justify\"><span class=\"x_1956382736size\"><span class=\"x_1956382736font\">\u00a0<\/span><\/span><\/div>\n<div class=\"x_1956382736align-justify\"><span class=\"x_1956382736size\"><span class=\"x_1956382736font\">Hoy, la vereda Jamonacal dej\u00f3 atr\u00e1s las promesas incumplidas, por maquinarias trabajando con el inicio oficial de la construcci\u00f3n de m\u00e1s de 2.082 metros lineales de placa huella tipo Inv\u00edas, un proyecto esperado por a\u00f1os que conecta y transforma la v\u00eda entre Tigrera y Jamonacal.<\/span><span class=\"x_1956382736font\"><br \/><\/span><\/span><\/div>\n<div class=\"x_1956382736align-justify\"><span class=\"x_1956382736size\"><span class=\"x_1956382736font\">\u00a0<\/span><\/span><\/div>\n<div class=\"x_1956382736align-justify\"><span class=\"x_1956382736size\"><span class=\"x_1956382736font\">Con una inversi\u00f3n superior a los $7.400 millones, esta obra es una infraestructura dise\u00f1ada para resistir las condiciones rurales de la zona. La cual incluye puente vehicular, manejo especializado de aguas y se\u00f1alizaci\u00f3n completa, eliminando los obst\u00e1culos que hist\u00f3ricamente aislaron estas veredas pertenecientes al corregimiento de Minca.<\/span><span class=\"x_1956382736font\"><br \/><\/span><\/span><\/div>\n<div class=\"x_1956382736align-justify\"><span class=\"x_1956382736size\"><span class=\"x_1956382736font\">\u00a0<\/span><\/span><\/div>\n<div class=\"x_1956382736align-justify\"><span class=\"x_1956382736size\"><span class=\"x_1956382736font\">Este avance significa conectividad real para nuestros campesinos, asegurando que sus productos lleguen a la ciudad y que servicios como la salud est\u00e9n al alcance de todos. Es una intervenci\u00f3n integral que facilita la movilidad y dignifica la labor de nuestro campo.<\/span><span class=\"x_1956382736font\"><br \/><\/span><\/span><\/div>\n<div class=\"x_1956382736align-justify\"><span class=\"x_1956382736size\"><span class=\"x_1956382736font\">\u00a0<\/span><\/span><\/div>\n<div class=\"x_1956382736align-justify\"><span class=\"x_1956382736size\"><span class=\"x_1956382736font\">&#8220;No hemos venido a traer promesas. Hoy le venimos a cumplir a Jamonacal&#8221;, afirm\u00f3 el alcalde Carlos Pinedo Cuello.<\/span><span class=\"x_1956382736font\"><br \/><\/span><\/span><\/div>\n<div class=\"x_1956382736align-justify\"><span class=\"x_1956382736size\"><span class=\"x_1956382736font\">\u00a0<\/span><\/span><\/div>\n<div class=\"x_1956382736align-justify\"><span class=\"x_1956382736size\"><span class=\"x_1956382736font\">En ocho meses, esta obra ser\u00e1 una realidad tangible que transforma la esperanza de la comunidad en desarrollo, dignidad y mejores oportunidades para la zona rural.<\/span><\/span><\/div>\n<div class=\"x_1956382736align-justify\">\u00a0<\/div>\t\t\t\t\t\t\t\t<\/div>\n\t\t\t\t<\/div>\n\t\t\t\t\t<\/div>\n\t\t<\/div>\n\t\t\t\t\t<\/div>\n\t\t<\/section>\n\t\t\t\t<section class=\"elementor-section elementor-top-section elementor-element elementor-element-c0d47f5 elementor-section-full_width elementor-section-stretched elementor-section-height-default elementor-section-height-default\" data-id=\"c0d47f5\" data-element_type=\"section\" data-settings=\"{&quot;stretch_section&quot;:&quot;section-stretched&quot;}\">\n\t\t\t\t\t\t\t<div class=\"elementor-background-overlay\"><\/div>\n\t\t\t\t\t\t\t<div class=\"elementor-container elementor-column-gap-default\">\n\t\t\t\t\t<div class=\"elementor-column elementor-col-100 elementor-top-column elementor-element elementor-element-b3f40b9\" data-id=\"b3f40b9\" data-element_type=\"column\">\n\t\t\t<div class=\"elementor-widget-wrap elementor-element-populated\">\n\t\t\t\t\t\t<div class=\"elementor-element elementor-element-939a1e2 elementor-widget elementor-widget-heading\" data-id=\"939a1e2\" data-element_type=\"widget\" data-widget_type=\"heading.default\">\n\t\t\t\t<div class=\"elementor-widget-container\">\n\t\t\t\t\t<h3 class=\"elementor-heading-title elementor-size-default\">\u00daltimas Noticias<\/h3>\t\t\t\t<\/div>\n\t\t\t\t<\/div>\n\t\t\t\t\t<\/div>\n\t\t<\/div>\n\t\t\t\t\t<\/div>\n\t\t<\/section>\n\t\t\t\t<\/div>","protected":false},"excerpt":{"rendered":"<p>LA V\u00cdA A JAMONACAL ES UNA REALIDAD Alcalde Carlos Pinedo Cuello, le cumple a la zona rural: LA V\u00cdA A JAMONACAL ES UNA REALIDAD En la administraci\u00f3n del alcalde Carlos Pinedo Cuello, los compromisos se cumplen con hechos. Hoy, la vereda Jamonacal dej\u00f3 atr\u00e1s las promesas incumplidas, por maquinarias trabajando con el inicio oficial de [&hellip;]<\/p>","protected":false},"author":17,"featured_media":12339,"comment_status":"closed","ping_status":"closed","sticky":false,"template":"","format":"standard","meta":{"site-sidebar-layout":"default","site-content-layout":"","ast-site-content-layout":"default","site-content-style":"default","site-sidebar-style":"default","ast-global-header-display":"","ast-banner-title-visibility":"","ast-main-header-display":"","ast-hfb-above-header-display":"","ast-hfb-below-header-display":"","ast-hfb-mobile-header-display":"","site-post-title":"","ast-breadcrumbs-content":"","ast-featured-img":"","footer-sml-layout":"","ast-disable-related-posts":"","theme-transparent-header-meta":"","adv-header-id-meta":"","stick-header-meta":"","header-above-stick-meta":"","header-main-stick-meta":"","header-below-stick-meta":"","astra-migrate-meta-layouts":"default","ast-page-background-enabled":"default","ast-page-background-meta":{"desktop":{"background-color":"var(--ast-global-color-4)","background-image":"","background-repeat":"repeat","background-position":"center center","background-size":"auto","background-attachment":"scroll","background-type":"","background-media":"","overlay-type":"","overlay-color":"","overlay-opacity":"","overlay-gradient":""},"tablet":{"background-color":"","background-image":"","background-repeat":"repeat","background-position":"center center","background-size":"auto","background-attachment":"scroll","background-type":"","background-media":"","overlay-type":"","overlay-color":"","overlay-opacity":"","overlay-gradient":""},"mobile":{"background-color":"","background-image":"","background-repeat":"repeat","background-position":"center center","background-size":"auto","background-attachment":"scroll","background-type":"","background-media":"","overlay-type":"","overlay-color":"","overlay-opacity":"","overlay-gradient":""}},"ast-content-background-meta":{"desktop":{"background-color":"var(--ast-global-color-5)","background-image":"","background-repeat":"repeat","background-position":"center center","background-size":"auto","background-attachment":"scroll","background-type":"","background-media":"","overlay-type":"","overlay-color":"","overlay-opacity":"","overlay-gradient":""},"tablet":{"background-color":"var(--ast-global-color-5)","background-image":"","background-repeat":"repeat","background-position":"center center","background-size":"auto","background-attachment":"scroll","background-type":"","background-media":"","overlay-type":"","overlay-color":"","overlay-opacity":"","overlay-gradient":""},"mobile":{"background-color":"var(--ast-global-color-5)","background-image":"","background-repeat":"repeat","background-position":"center center","background-size":"auto","background-attachment":"scroll","background-type":"","background-media":"","overlay-type":"","overlay-color":"","overlay-opacity":"","overlay-gradient":""}},"footnotes":""},"categories":[53],"tags":[],"class_list":["post-12328","post","type-post","status-publish","format-standard","has-post-thumbnail","hentry","category-ultimas-noticias"],"_links":{"self":[{"href":"https:\/\/edus.gov.co\/en\/wp-json\/wp\/v2\/posts\/12328","targetHints":{"allow":["GET"]}}],"collection":[{"href":"https:\/\/edus.gov.co\/en\/wp-json\/wp\/v2\/posts"}],"about":[{"href":"https:\/\/edus.gov.co\/en\/wp-json\/wp\/v2\/types\/post"}],"author":[{"embeddable":true,"href":"https:\/\/edus.gov.co\/en\/wp-json\/wp\/v2\/users\/17"}],"replies":[{"embeddable":true,"href":"https:\/\/edus.gov.co\/en\/wp-json\/wp\/v2\/comments?post=12328"}],"version-history":[{"count":5,"href":"https:\/\/edus.gov.co\/en\/wp-json\/wp\/v2\/posts\/12328\/revisions"}],"predecessor-version":[{"id":12341,"href":"https:\/\/edus.gov.co\/en\/wp-json\/wp\/v2\/posts\/12328\/revisions\/12341"}],"wp:featuredmedia":[{"embeddable":true,"href":"https:\/\/edus.gov.co\/en\/wp-json\/wp\/v2\/media\/12339"}],"wp:attachment":[{"href":"https:\/\/edus.gov.co\/en\/wp-json\/wp\/v2\/media?parent=12328"}],"wp:term":[{"taxonomy":"category","embeddable":true,"href":"https:\/\/edus.gov.co\/en\/wp-json\/wp\/v2\/categories?post=12328"},{"taxonomy":"post_tag","embeddable":true,"href":"https:\/\/edus.gov.co\/en\/wp-json\/wp\/v2\/tags?post=12328"}],"curies":[{"name":"wp","href":"https:\/\/api.w.org\/{rel}","templated":true}]}}