{"id":11953,"date":"2025-09-05T10:34:00","date_gmt":"2025-09-05T15:34:00","guid":{"rendered":"https:\/\/edus.gov.co\/?p=11953"},"modified":"2025-10-24T10:35:02","modified_gmt":"2025-10-24T15:35:02","slug":"mas-de-un-kilometro-de-pavimento-rigido-para-las-malvinas-compromiso-cumplido-del-alcalde-carlos-pinedo","status":"publish","type":"post","link":"https:\/\/edus.gov.co\/en\/mas-de-un-kilometro-de-pavimento-rigido-para-las-malvinas-compromiso-cumplido-del-alcalde-carlos-pinedo\/","title":{"rendered":"M\u00e1s de un kil\u00f3metro de pavimento r\u00edgido para Las Malvinas: compromiso cumplido del alcalde Carlos Pinedo"},"content":{"rendered":"<div data-elementor-type=\"wp-post\" data-elementor-id=\"11953\" class=\"elementor elementor-11953\" data-elementor-post-type=\"post\">\n\t\t\t\t\t\t<section class=\"elementor-section elementor-top-section elementor-element elementor-element-687bb192 elementor-section-boxed elementor-section-height-default elementor-section-height-default\" data-id=\"687bb192\" data-element_type=\"section\">\n\t\t\t\t\t\t<div class=\"elementor-container elementor-column-gap-default\">\n\t\t\t\t\t<div class=\"elementor-column elementor-col-100 elementor-top-column elementor-element elementor-element-4f30bfab\" data-id=\"4f30bfab\" data-element_type=\"column\">\n\t\t\t<div class=\"elementor-widget-wrap elementor-element-populated\">\n\t\t\t\t\t\t<div class=\"elementor-element elementor-element-2330fad3 elementor-widget elementor-widget-text-editor\" data-id=\"2330fad3\" data-element_type=\"widget\" data-widget_type=\"text-editor.default\">\n\t\t\t\t<div class=\"elementor-widget-container\">\n\t\t\t\t\t\t\t\t\t<p>El alcalde de Santa Marta, Carlos Pinedo Cuello, anunci\u00f3 el inicio de una de las obras m\u00e1s esperadas por los habitantes del barrio Las Malvinas: la construcci\u00f3n de m\u00e1s de 1 kil\u00f3metro de pavimento r\u00edgido distribuido en cuatro tramos principales, con una inversi\u00f3n que supera los 3.684 millones de pesos.<\/p><p>Despu\u00e9s de m\u00e1s de tres d\u00e9cadas de espera, la comunidad de Las Malvinas recibe una respuesta concreta a sus necesidades de infraestructura vial y de servicios p\u00fablicos. La obra, que hace parte del programa \u2018Transformando Mi Barrio\u2019, contempla adem\u00e1s la reposic\u00f3n de redes de acueducto y alcantarillado en los puntos que lo requieran, garantizando un proyecto integral y de calidad.<\/p><p>\u201cDurante a\u00f1os este sector recibi\u00f3 promesas que nunca se cumplieron. Hoy estamos aqu\u00ed con hechos, demostrando que nuestro compromiso es con la gente y con su dignidad. Esta obra no es un favor, es un derecho que por fin se hace realidad\u201d, afirm\u00f3 el alcalde Carlos Pinedo Cuello durante el acto de inicio.<\/p><p>\u00a0<\/p><p>Obras con calidad y sostenibilidad<\/p><p>La ejecuci\u00f3n del proyecto est\u00e1 a cargo de la Empresa de Desarrollo y Renovaci\u00f3n Urbano Sostenible de Santa Marta \u2013 EDUS, que garantizar\u00e1 est\u00e1ndares t\u00e9cnicos de alta calidad para una vida \u00fatil superior a los 20 a\u00f1os.<\/p><p>El gerente de la entidad, Jorge Luis Sarmiento Pe\u00f1aranda, destac\u00f3:<\/p><p>\u201cEn la EDUS trabajamos convencidos de que la ingenier\u00eda transforma vidas. Hoy Las Malvinas deja atr\u00e1s la incertidumbre y entra en una nueva etapa de desarrollo. Esta inversi\u00f3n es 100 % con recursos del Distrito, lo que reafirma el compromiso de la Administraci\u00f3n Distrital con su gente\u201d.<\/p><p>La obra tendr\u00e1 un plazo de ejecuci\u00f3n de nueve meses y se proyecta como una soluci\u00f3n definitiva para la movilidad, la seguridad y la calidad de vida de miles de familias.<\/p><p>Comunidad que vuelve a creer<\/p><p>La puesta en marcha de esta obra tambi\u00e9n representa un cambio de confianza en la comunidad. Humberto Fl\u00f3rez, presidente de la Junta de Acci\u00f3n Comunal del barrio Las Malvinas, expres\u00f3:<\/p><p>\u201cDespu\u00e9s de m\u00e1s de tres d\u00e9cadas de espera, hoy podemos decir que tenemos un alcalde que cumple. El doctor Pinedo recorri\u00f3 nuestras calles encharcadas cuando era candidato y nos prometi\u00f3 que nos sacar\u00eda del abandono. Hoy lo vemos cumpliendo su palabra\u201d.<\/p><p>M\u00e1s proyectos para el sector<\/p><p>Durante el anuncio, el alcalde Pinedo Cuello tambi\u00e9n comparti\u00f3 otros proyectos en beneficio de la comunidad de Las Malvinas, entre ellos la compra de predios que bloquean el paso de aguas pluviales y agravan las emergencias por inundaciones. Esta iniciativa se encuentra radicada en el Concejo Distrital para su aprobaci\u00f3n.<\/p><p>Asimismo, el mandatario confirm\u00f3 que en las pr\u00f3ximas semanas se iniciar\u00e1 la contrataci\u00f3n de la primera etapa de la v\u00eda a la Universidad, con una inversi\u00f3n cercana a los 37.000 millones de pesos, reafirmando el compromiso de su administraci\u00f3n con el desarrollo de toda la ciudad.<\/p><p>\u201cLlueva, truene o relampaguee, esta administraci\u00f3n caminar\u00e1 de la mano de la comunidad. Las Malvinas hoy comienza una nueva historia de progreso y dignidad\u201d, concluy\u00f3 el alcalde Carlos Pinedo Cuello.<\/p>\t\t\t\t\t\t\t\t<\/div>\n\t\t\t\t<\/div>\n\t\t\t\t\t<\/div>\n\t\t<\/div>\n\t\t\t\t\t<\/div>\n\t\t<\/section>\n\t\t\t\t<section class=\"elementor-section elementor-top-section elementor-element elementor-element-c0d47f5 elementor-section-full_width elementor-section-stretched elementor-section-height-default elementor-section-height-default\" data-id=\"c0d47f5\" data-element_type=\"section\" data-settings=\"{&quot;stretch_section&quot;:&quot;section-stretched&quot;}\">\n\t\t\t\t\t\t\t<div class=\"elementor-background-overlay\"><\/div>\n\t\t\t\t\t\t\t<div class=\"elementor-container elementor-column-gap-default\">\n\t\t\t\t\t<div class=\"elementor-column elementor-col-100 elementor-top-column elementor-element elementor-element-b3f40b9\" data-id=\"b3f40b9\" data-element_type=\"column\">\n\t\t\t<div class=\"elementor-widget-wrap elementor-element-populated\">\n\t\t\t\t\t\t<div class=\"elementor-element elementor-element-939a1e2 elementor-widget elementor-widget-heading\" data-id=\"939a1e2\" data-element_type=\"widget\" data-widget_type=\"heading.default\">\n\t\t\t\t<div class=\"elementor-widget-container\">\n\t\t\t\t\t<h3 class=\"elementor-heading-title elementor-size-default\">\u00daltimas Noticias<\/h3>\t\t\t\t<\/div>\n\t\t\t\t<\/div>\n\t\t\t\t\t<\/div>\n\t\t<\/div>\n\t\t\t\t\t<\/div>\n\t\t<\/section>\n\t\t\t\t<\/div>","protected":false},"excerpt":{"rendered":"<p>El alcalde de Santa Marta, Carlos Pinedo Cuello, anunci\u00f3 el inicio de una de las obras m\u00e1s esperadas por los habitantes del barrio Las Malvinas: la construcci\u00f3n de m\u00e1s de 1 kil\u00f3metro de pavimento r\u00edgido distribuido en cuatro tramos principales, con una inversi\u00f3n que supera los 3.684 millones de pesos. Despu\u00e9s de m\u00e1s de tres [&hellip;]<\/p>","protected":false},"author":17,"featured_media":11954,"comment_status":"closed","ping_status":"closed","sticky":false,"template":"","format":"standard","meta":{"site-sidebar-layout":"default","site-content-layout":"","ast-site-content-layout":"default","site-content-style":"default","site-sidebar-style":"default","ast-global-header-display":"","ast-banner-title-visibility":"","ast-main-header-display":"","ast-hfb-above-header-display":"","ast-hfb-below-header-display":"","ast-hfb-mobile-header-display":"","site-post-title":"","ast-breadcrumbs-content":"","ast-featured-img":"","footer-sml-layout":"","ast-disable-related-posts":"","theme-transparent-header-meta":"","adv-header-id-meta":"","stick-header-meta":"","header-above-stick-meta":"","header-main-stick-meta":"","header-below-stick-meta":"","astra-migrate-meta-layouts":"default","ast-page-background-enabled":"default","ast-page-background-meta":{"desktop":{"background-color":"var(--ast-global-color-4)","background-image":"","background-repeat":"repeat","background-position":"center center","background-size":"auto","background-attachment":"scroll","background-type":"","background-media":"","overlay-type":"","overlay-color":"","overlay-opacity":"","overlay-gradient":""},"tablet":{"background-color":"","background-image":"","background-repeat":"repeat","background-position":"center center","background-size":"auto","background-attachment":"scroll","background-type":"","background-media":"","overlay-type":"","overlay-color":"","overlay-opacity":"","overlay-gradient":""},"mobile":{"background-color":"","background-image":"","background-repeat":"repeat","background-position":"center center","background-size":"auto","background-attachment":"scroll","background-type":"","background-media":"","overlay-type":"","overlay-color":"","overlay-opacity":"","overlay-gradient":""}},"ast-content-background-meta":{"desktop":{"background-color":"var(--ast-global-color-5)","background-image":"","background-repeat":"repeat","background-position":"center center","background-size":"auto","background-attachment":"scroll","background-type":"","background-media":"","overlay-type":"","overlay-color":"","overlay-opacity":"","overlay-gradient":""},"tablet":{"background-color":"var(--ast-global-color-5)","background-image":"","background-repeat":"repeat","background-position":"center center","background-size":"auto","background-attachment":"scroll","background-type":"","background-media":"","overlay-type":"","overlay-color":"","overlay-opacity":"","overlay-gradient":""},"mobile":{"background-color":"var(--ast-global-color-5)","background-image":"","background-repeat":"repeat","background-position":"center center","background-size":"auto","background-attachment":"scroll","background-type":"","background-media":"","overlay-type":"","overlay-color":"","overlay-opacity":"","overlay-gradient":""}},"footnotes":""},"categories":[53],"tags":[],"class_list":["post-11953","post","type-post","status-publish","format-standard","has-post-thumbnail","hentry","category-ultimas-noticias"],"_links":{"self":[{"href":"https:\/\/edus.gov.co\/en\/wp-json\/wp\/v2\/posts\/11953","targetHints":{"allow":["GET"]}}],"collection":[{"href":"https:\/\/edus.gov.co\/en\/wp-json\/wp\/v2\/posts"}],"about":[{"href":"https:\/\/edus.gov.co\/en\/wp-json\/wp\/v2\/types\/post"}],"author":[{"embeddable":true,"href":"https:\/\/edus.gov.co\/en\/wp-json\/wp\/v2\/users\/17"}],"replies":[{"embeddable":true,"href":"https:\/\/edus.gov.co\/en\/wp-json\/wp\/v2\/comments?post=11953"}],"version-history":[{"count":4,"href":"https:\/\/edus.gov.co\/en\/wp-json\/wp\/v2\/posts\/11953\/revisions"}],"predecessor-version":[{"id":11958,"href":"https:\/\/edus.gov.co\/en\/wp-json\/wp\/v2\/posts\/11953\/revisions\/11958"}],"wp:featuredmedia":[{"embeddable":true,"href":"https:\/\/edus.gov.co\/en\/wp-json\/wp\/v2\/media\/11954"}],"wp:attachment":[{"href":"https:\/\/edus.gov.co\/en\/wp-json\/wp\/v2\/media?parent=11953"}],"wp:term":[{"taxonomy":"category","embeddable":true,"href":"https:\/\/edus.gov.co\/en\/wp-json\/wp\/v2\/categories?post=11953"},{"taxonomy":"post_tag","embeddable":true,"href":"https:\/\/edus.gov.co\/en\/wp-json\/wp\/v2\/tags?post=11953"}],"curies":[{"name":"wp","href":"https:\/\/api.w.org\/{rel}","templated":true}]}}