{"id":11940,"date":"2025-09-05T10:20:00","date_gmt":"2025-09-05T15:20:00","guid":{"rendered":"https:\/\/edus.gov.co\/?p=11940"},"modified":"2025-10-24T10:29:05","modified_gmt":"2025-10-24T15:29:05","slug":"alcalde-carlos-pinedo-cumple-y-transforma-al-barrio-la-esperanza-con-obras-reales","status":"publish","type":"post","link":"https:\/\/edus.gov.co\/en\/alcalde-carlos-pinedo-cumple-y-transforma-al-barrio-la-esperanza-con-obras-reales\/","title":{"rendered":"Alcalde Carlos Pinedo inicia la transformaci\u00f3n vial del barrio Santa Cruz con el programa \u2018Transformando Mi Barrio\u2019"},"content":{"rendered":"<div data-elementor-type=\"wp-post\" data-elementor-id=\"11940\" class=\"elementor elementor-11940\" data-elementor-post-type=\"post\">\n\t\t\t\t\t\t<section class=\"elementor-section elementor-top-section elementor-element elementor-element-687bb192 elementor-section-boxed elementor-section-height-default elementor-section-height-default\" data-id=\"687bb192\" data-element_type=\"section\">\n\t\t\t\t\t\t<div class=\"elementor-container elementor-column-gap-default\">\n\t\t\t\t\t<div class=\"elementor-column elementor-col-100 elementor-top-column elementor-element elementor-element-4f30bfab\" data-id=\"4f30bfab\" data-element_type=\"column\">\n\t\t\t<div class=\"elementor-widget-wrap elementor-element-populated\">\n\t\t\t\t\t\t<div class=\"elementor-element elementor-element-2330fad3 elementor-widget elementor-widget-text-editor\" data-id=\"2330fad3\" data-element_type=\"widget\" data-widget_type=\"text-editor.default\">\n\t\t\t\t<div class=\"elementor-widget-container\">\n\t\t\t\t\t\t\t\t\t<p>El barrio Santa Cruz comienza a escribir una nueva historia de desarrollo con la pavimentaci\u00f3n de 186 metros lineales en concreto r\u00edgido, obra liderada por el alcalde de Santa Marta, Carlos Pinedo Cuello, a trav\u00e9s del programa \u2018Transformando Mi Barrio\u2019.<\/p><p>Esta intervenci\u00f3n, que abarca el tramo comprendido entre la carrera 21F y la carrera 26, responde a un clamor de la comunidad que por d\u00e9cadas esper\u00f3 una soluci\u00f3n definitiva para mejorar su movilidad y su calidad de vida. Hoy, ese anhelo se materializa con hechos concretos que consolidan la visi\u00f3n de un gobierno que trabaja para todos los rincones del Distrito.<\/p><p>Durante el acto de inicio, el alcalde Pinedo expres\u00f3:<\/p><p>\u201cCada calle que recuperamos representa dignidad para la gente. Aqu\u00ed en Santa Cruz no solo estamos construyendo una v\u00eda, estamos cerrando una etapa de promesas incumplidas y abriendo un camino real hacia la transformaci\u00f3n que Santa Marta necesita\u201d.<\/p><p>\u00a0<\/p><p>Una obra con calidad t\u00e9cnica y sostenibilidad<\/p><p>El proyecto est\u00e1 a cargo de la Empresa de Desarrollo y Renovaci\u00f3n Urbano Sostenible de Santa Marta \u2013 EDUS, entidad que garantizar\u00e1 la correcta planeaci\u00f3n, ejecuci\u00f3n y supervisi\u00f3n de la obra bajo los m\u00e1s altos est\u00e1ndares t\u00e9cnicos.<\/p><p>El gerente de la EDUS, Jorge Luis Sarmiento Pe\u00f1aranda, destac\u00f3:<\/p><p>\u201cNo se trata \u00fanicamente de pavimentar, sino de generar confianza y progreso. Santa Cruz tendr\u00e1 una v\u00eda que conecte mejor a sus familias, fortalezca el transporte p\u00fablico y dinamice la econom\u00eda local. La EDUS asume este reto con transparencia y compromiso\u201d.<\/p><p>La pavimentaci\u00f3n ser\u00e1 un punto clave de conexi\u00f3n en la Localidad 1, favoreciendo el transporte p\u00fablico y privado, al tiempo que fortalece el comercio y mejora la seguridad en la zona.<\/p><p>Comunidad agradecida y confiada<\/p><p>Los habitantes del sector recibieron con entusiasmo el inicio de esta obra. Roselvy Mendoza, presidente de la Junta de Acci\u00f3n Comunal de Santa Cruz, afirm\u00f3:<\/p><p>\u201cHoy vemos que s\u00ed se puede. Despu\u00e9s de tantos a\u00f1os de espera, lleg\u00f3 un alcalde que cumple con hechos. Gracias doctor Pinedo por escucharnos y traer esta soluci\u00f3n que cambia nuestras vidas\u201d.<\/p><p>Con esta intervenci\u00f3n, la administraci\u00f3n distrital reafirma que el programa \u2018Transformando Mi Barrio\u2019 es una apuesta seria y efectiva para llevar desarrollo, conectividad y dignidad a los sectores que m\u00e1s lo necesitan.<\/p><p>Santa Cruz se suma as\u00ed a la lista de comunidades que ya sienten los resultados de un gobierno cercano y comprometido, liderado por el alcalde Carlos Pinedo Cuello y ejecutado de manera t\u00e9cnica y transparente por la EDUS.<\/p>\t\t\t\t\t\t\t\t<\/div>\n\t\t\t\t<\/div>\n\t\t\t\t\t<\/div>\n\t\t<\/div>\n\t\t\t\t\t<\/div>\n\t\t<\/section>\n\t\t\t\t<section class=\"elementor-section elementor-top-section elementor-element elementor-element-c0d47f5 elementor-section-full_width elementor-section-stretched elementor-section-height-default elementor-section-height-default\" data-id=\"c0d47f5\" data-element_type=\"section\" data-settings=\"{&quot;stretch_section&quot;:&quot;section-stretched&quot;}\">\n\t\t\t\t\t\t\t<div class=\"elementor-background-overlay\"><\/div>\n\t\t\t\t\t\t\t<div class=\"elementor-container elementor-column-gap-default\">\n\t\t\t\t\t<div class=\"elementor-column elementor-col-100 elementor-top-column elementor-element elementor-element-b3f40b9\" data-id=\"b3f40b9\" data-element_type=\"column\">\n\t\t\t<div class=\"elementor-widget-wrap elementor-element-populated\">\n\t\t\t\t\t\t<div class=\"elementor-element elementor-element-939a1e2 elementor-widget elementor-widget-heading\" data-id=\"939a1e2\" data-element_type=\"widget\" data-widget_type=\"heading.default\">\n\t\t\t\t<div class=\"elementor-widget-container\">\n\t\t\t\t\t<h3 class=\"elementor-heading-title elementor-size-default\">\u00daltimas Noticias<\/h3>\t\t\t\t<\/div>\n\t\t\t\t<\/div>\n\t\t\t\t\t<\/div>\n\t\t<\/div>\n\t\t\t\t\t<\/div>\n\t\t<\/section>\n\t\t\t\t<\/div>","protected":false},"excerpt":{"rendered":"<p>El barrio Santa Cruz comienza a escribir una nueva historia de desarrollo con la pavimentaci\u00f3n de 186 metros lineales en concreto r\u00edgido, obra liderada por el alcalde de Santa Marta, Carlos Pinedo Cuello, a trav\u00e9s del programa \u2018Transformando Mi Barrio\u2019. Esta intervenci\u00f3n, que abarca el tramo comprendido entre la carrera 21F y la carrera 26, [&hellip;]<\/p>","protected":false},"author":17,"featured_media":11951,"comment_status":"closed","ping_status":"closed","sticky":false,"template":"","format":"standard","meta":{"site-sidebar-layout":"default","site-content-layout":"","ast-site-content-layout":"default","site-content-style":"default","site-sidebar-style":"default","ast-global-header-display":"","ast-banner-title-visibility":"","ast-main-header-display":"","ast-hfb-above-header-display":"","ast-hfb-below-header-display":"","ast-hfb-mobile-header-display":"","site-post-title":"","ast-breadcrumbs-content":"","ast-featured-img":"","footer-sml-layout":"","ast-disable-related-posts":"","theme-transparent-header-meta":"","adv-header-id-meta":"","stick-header-meta":"","header-above-stick-meta":"","header-main-stick-meta":"","header-below-stick-meta":"","astra-migrate-meta-layouts":"default","ast-page-background-enabled":"default","ast-page-background-meta":{"desktop":{"background-color":"var(--ast-global-color-4)","background-image":"","background-repeat":"repeat","background-position":"center center","background-size":"auto","background-attachment":"scroll","background-type":"","background-media":"","overlay-type":"","overlay-color":"","overlay-opacity":"","overlay-gradient":""},"tablet":{"background-color":"","background-image":"","background-repeat":"repeat","background-position":"center center","background-size":"auto","background-attachment":"scroll","background-type":"","background-media":"","overlay-type":"","overlay-color":"","overlay-opacity":"","overlay-gradient":""},"mobile":{"background-color":"","background-image":"","background-repeat":"repeat","background-position":"center center","background-size":"auto","background-attachment":"scroll","background-type":"","background-media":"","overlay-type":"","overlay-color":"","overlay-opacity":"","overlay-gradient":""}},"ast-content-background-meta":{"desktop":{"background-color":"var(--ast-global-color-5)","background-image":"","background-repeat":"repeat","background-position":"center center","background-size":"auto","background-attachment":"scroll","background-type":"","background-media":"","overlay-type":"","overlay-color":"","overlay-opacity":"","overlay-gradient":""},"tablet":{"background-color":"var(--ast-global-color-5)","background-image":"","background-repeat":"repeat","background-position":"center center","background-size":"auto","background-attachment":"scroll","background-type":"","background-media":"","overlay-type":"","overlay-color":"","overlay-opacity":"","overlay-gradient":""},"mobile":{"background-color":"var(--ast-global-color-5)","background-image":"","background-repeat":"repeat","background-position":"center center","background-size":"auto","background-attachment":"scroll","background-type":"","background-media":"","overlay-type":"","overlay-color":"","overlay-opacity":"","overlay-gradient":""}},"footnotes":""},"categories":[53],"tags":[],"class_list":["post-11940","post","type-post","status-publish","format-standard","has-post-thumbnail","hentry","category-ultimas-noticias"],"_links":{"self":[{"href":"https:\/\/edus.gov.co\/en\/wp-json\/wp\/v2\/posts\/11940","targetHints":{"allow":["GET"]}}],"collection":[{"href":"https:\/\/edus.gov.co\/en\/wp-json\/wp\/v2\/posts"}],"about":[{"href":"https:\/\/edus.gov.co\/en\/wp-json\/wp\/v2\/types\/post"}],"author":[{"embeddable":true,"href":"https:\/\/edus.gov.co\/en\/wp-json\/wp\/v2\/users\/17"}],"replies":[{"embeddable":true,"href":"https:\/\/edus.gov.co\/en\/wp-json\/wp\/v2\/comments?post=11940"}],"version-history":[{"count":8,"href":"https:\/\/edus.gov.co\/en\/wp-json\/wp\/v2\/posts\/11940\/revisions"}],"predecessor-version":[{"id":11950,"href":"https:\/\/edus.gov.co\/en\/wp-json\/wp\/v2\/posts\/11940\/revisions\/11950"}],"wp:featuredmedia":[{"embeddable":true,"href":"https:\/\/edus.gov.co\/en\/wp-json\/wp\/v2\/media\/11951"}],"wp:attachment":[{"href":"https:\/\/edus.gov.co\/en\/wp-json\/wp\/v2\/media?parent=11940"}],"wp:term":[{"taxonomy":"category","embeddable":true,"href":"https:\/\/edus.gov.co\/en\/wp-json\/wp\/v2\/categories?post=11940"},{"taxonomy":"post_tag","embeddable":true,"href":"https:\/\/edus.gov.co\/en\/wp-json\/wp\/v2\/tags?post=11940"}],"curies":[{"name":"wp","href":"https:\/\/api.w.org\/{rel}","templated":true}]}}