{"id":11501,"date":"2024-10-02T20:07:25","date_gmt":"2024-10-02T20:07:25","guid":{"rendered":"https:\/\/edus.gov.co\/?p=11501"},"modified":"2024-10-02T20:15:11","modified_gmt":"2024-10-02T20:15:11","slug":"alcaldia-distrital-rechaza-enfaticamente-el-hurto-de-cableado-electrico-en-el-camellon-de-la-bahia-afectando-la-iluminacion-de-este-iconico-espacio","status":"publish","type":"post","link":"https:\/\/edus.gov.co\/en\/alcaldia-distrital-rechaza-enfaticamente-el-hurto-de-cableado-electrico-en-el-camellon-de-la-bahia-afectando-la-iluminacion-de-este-iconico-espacio\/","title":{"rendered":"Alcald\u00eda Distrital rechaza enf\u00e1ticamente el hurto de cableado el\u00e9ctrico en el Camell\u00f3n de la Bah\u00eda, afectando la iluminaci\u00f3n de este ic\u00f3nico espacio\u00a0\u00a0"},"content":{"rendered":"<div data-elementor-type=\"wp-post\" data-elementor-id=\"11501\" class=\"elementor elementor-11501\" data-elementor-post-type=\"post\">\n\t\t\t\t\t\t<section class=\"elementor-section elementor-top-section elementor-element elementor-element-687bb192 elementor-section-boxed elementor-section-height-default elementor-section-height-default\" data-id=\"687bb192\" data-element_type=\"section\">\n\t\t\t\t\t\t<div class=\"elementor-container elementor-column-gap-default\">\n\t\t\t\t\t<div class=\"elementor-column elementor-col-100 elementor-top-column elementor-element elementor-element-4f30bfab\" data-id=\"4f30bfab\" data-element_type=\"column\">\n\t\t\t<div class=\"elementor-widget-wrap elementor-element-populated\">\n\t\t\t\t\t\t<div class=\"elementor-element elementor-element-2330fad3 elementor-widget elementor-widget-text-editor\" data-id=\"2330fad3\" data-element_type=\"widget\" data-widget_type=\"text-editor.default\">\n\t\t\t\t<div class=\"elementor-widget-container\">\n\t\t\t\t\t\t\t\t\t<p style=\"font-weight: 400;\">La Alcald\u00eda Distrital de Santa Marta informa a la ciudadan\u00eda que el d\u00eda de hoy se ha registrado un nuevo caso de hurto del cableado de mediana tensi\u00f3n que conecta el transformador con el tablero el\u00e9ctrico del Camell\u00f3n de la Bah\u00eda, uno de los principales puntos tur\u00edsticos de la ciudad. Este acto delictivo ha dejado sin iluminaci\u00f3n a este emblem\u00e1tico espacio, perjudicando tanto a residentes como a visitantes.<\/p><p style=\"font-weight: 400;\">El alcalde Carlos Pinedo Cuello y su administraci\u00f3n rechazan categ\u00f3ricamente este tipo de hechos vand\u00e1licos que atentan contra el bienestar de la comunidad y el uso seguro de los espacios p\u00fablicos. En respuesta inmediata, se ha desplegado un equipo t\u00e9cnico que se encuentra evaluando los da\u00f1os para proceder con las reparaciones necesarias y restablecer el servicio el\u00e9ctrico lo m\u00e1s pronto posible.<\/p><p style=\"font-weight: 400;\">El Distrito reafirma su compromiso con la seguridad y el buen mantenimiento de las \u00e1reas p\u00fablicas, se continuara brindando esfuerzos para garantizar que el Camell\u00f3n de la Bah\u00eda recupere su funcionalidad de manera definitiva. Asimismo, la Alcald\u00eda proceder\u00e1 a interponer las denuncias penales correspondientes ante las autoridades competentes para que se investiguen los hechos y se capture a los responsables de este acto de vandalismo.<\/p><p style=\"font-weight: 400;\">En coordinaci\u00f3n con la Empresa de Desarrollo Urbano de Santa Marta (EDUS), liderada por el gerente Jorge Sarmiento, se est\u00e1n realizando diagn\u00f3sticos detallados de los da\u00f1os, con el objetivo de implementar una soluci\u00f3n definitiva que evite la recurrencia de este tipo de incidentes. Al respecto, Sarmiento manifest\u00f3:<\/p><p style=\"font-weight: 400;\">&#8220;Estamos ya valorando el diagn\u00f3stico; una vez cuantificados los da\u00f1os, procederemos a hacer un arreglo. Pedimos a la comunidad un poco de paciencia, ya que no se trata de realizar una reparaci\u00f3n temporal, sino de una soluci\u00f3n definitiva. Adem\u00e1s, trabajaremos con las autoridades competentes, como la Secretar\u00eda de Gobierno y la Secretar\u00eda de Seguridad, para que se garantice el mantenimiento de estos arreglos.&#8221;<\/p><p style=\"font-weight: 400;\">El gerente tambi\u00e9n hizo un llamado a la comunidad: &#8220;Agradecemos a los samarios por su comprensi\u00f3n y pedimos mayor sentido de pertenencia y uni\u00f3n para preservar este y otros espacios p\u00fablicos en \u00f3ptimas condiciones.&#8221;<\/p><p style=\"font-weight: 400;\">Finalmente, la Alcald\u00eda de Santa Marta agradece la comprensi\u00f3n de los ciudadanos ante esta situaci\u00f3n, asegurando que se mantendr\u00e1n todos los esfuerzos necesarios para proteger y mantener en \u00f3ptimas condiciones los espacios emblem\u00e1ticos de la ciudad.<\/p>\t\t\t\t\t\t\t\t<\/div>\n\t\t\t\t<\/div>\n\t\t\t\t\t<\/div>\n\t\t<\/div>\n\t\t\t\t\t<\/div>\n\t\t<\/section>\n\t\t\t\t<section class=\"elementor-section elementor-top-section elementor-element elementor-element-c0d47f5 elementor-section-full_width elementor-section-stretched elementor-section-height-default elementor-section-height-default\" data-id=\"c0d47f5\" data-element_type=\"section\" data-settings=\"{&quot;stretch_section&quot;:&quot;section-stretched&quot;}\">\n\t\t\t\t\t\t\t<div class=\"elementor-background-overlay\"><\/div>\n\t\t\t\t\t\t\t<div class=\"elementor-container elementor-column-gap-default\">\n\t\t\t\t\t<div class=\"elementor-column elementor-col-100 elementor-top-column elementor-element elementor-element-b3f40b9\" data-id=\"b3f40b9\" data-element_type=\"column\">\n\t\t\t<div class=\"elementor-widget-wrap elementor-element-populated\">\n\t\t\t\t\t\t<div class=\"elementor-element elementor-element-939a1e2 elementor-widget elementor-widget-heading\" data-id=\"939a1e2\" data-element_type=\"widget\" data-widget_type=\"heading.default\">\n\t\t\t\t<div class=\"elementor-widget-container\">\n\t\t\t\t\t<h3 class=\"elementor-heading-title elementor-size-default\">\u00daltimas Noticias<\/h3>\t\t\t\t<\/div>\n\t\t\t\t<\/div>\n\t\t\t\t\t<\/div>\n\t\t<\/div>\n\t\t\t\t\t<\/div>\n\t\t<\/section>\n\t\t\t\t<\/div>","protected":false},"excerpt":{"rendered":"<p>La Alcald\u00eda Distrital de Santa Marta informa a la ciudadan\u00eda que el d\u00eda de hoy se ha registrado un nuevo caso de hurto del cableado de mediana tensi\u00f3n que conecta el transformador con el tablero el\u00e9ctrico del Camell\u00f3n de la Bah\u00eda, uno de los principales puntos tur\u00edsticos de la ciudad. Este acto delictivo ha dejado [&hellip;]<\/p>","protected":false},"author":17,"featured_media":11502,"comment_status":"closed","ping_status":"closed","sticky":false,"template":"","format":"standard","meta":{"site-sidebar-layout":"default","site-content-layout":"","ast-site-content-layout":"default","site-content-style":"default","site-sidebar-style":"default","ast-global-header-display":"","ast-banner-title-visibility":"","ast-main-header-display":"","ast-hfb-above-header-display":"","ast-hfb-below-header-display":"","ast-hfb-mobile-header-display":"","site-post-title":"","ast-breadcrumbs-content":"","ast-featured-img":"","footer-sml-layout":"","ast-disable-related-posts":"","theme-transparent-header-meta":"","adv-header-id-meta":"","stick-header-meta":"","header-above-stick-meta":"","header-main-stick-meta":"","header-below-stick-meta":"","astra-migrate-meta-layouts":"default","ast-page-background-enabled":"default","ast-page-background-meta":{"desktop":{"background-color":"var(--ast-global-color-4)","background-image":"","background-repeat":"repeat","background-position":"center center","background-size":"auto","background-attachment":"scroll","background-type":"","background-media":"","overlay-type":"","overlay-color":"","overlay-opacity":"","overlay-gradient":""},"tablet":{"background-color":"","background-image":"","background-repeat":"repeat","background-position":"center center","background-size":"auto","background-attachment":"scroll","background-type":"","background-media":"","overlay-type":"","overlay-color":"","overlay-opacity":"","overlay-gradient":""},"mobile":{"background-color":"","background-image":"","background-repeat":"repeat","background-position":"center center","background-size":"auto","background-attachment":"scroll","background-type":"","background-media":"","overlay-type":"","overlay-color":"","overlay-opacity":"","overlay-gradient":""}},"ast-content-background-meta":{"desktop":{"background-color":"var(--ast-global-color-5)","background-image":"","background-repeat":"repeat","background-position":"center center","background-size":"auto","background-attachment":"scroll","background-type":"","background-media":"","overlay-type":"","overlay-color":"","overlay-opacity":"","overlay-gradient":""},"tablet":{"background-color":"var(--ast-global-color-5)","background-image":"","background-repeat":"repeat","background-position":"center center","background-size":"auto","background-attachment":"scroll","background-type":"","background-media":"","overlay-type":"","overlay-color":"","overlay-opacity":"","overlay-gradient":""},"mobile":{"background-color":"var(--ast-global-color-5)","background-image":"","background-repeat":"repeat","background-position":"center center","background-size":"auto","background-attachment":"scroll","background-type":"","background-media":"","overlay-type":"","overlay-color":"","overlay-opacity":"","overlay-gradient":""}},"footnotes":""},"categories":[53],"tags":[],"class_list":["post-11501","post","type-post","status-publish","format-standard","has-post-thumbnail","hentry","category-ultimas-noticias"],"_links":{"self":[{"href":"https:\/\/edus.gov.co\/en\/wp-json\/wp\/v2\/posts\/11501","targetHints":{"allow":["GET"]}}],"collection":[{"href":"https:\/\/edus.gov.co\/en\/wp-json\/wp\/v2\/posts"}],"about":[{"href":"https:\/\/edus.gov.co\/en\/wp-json\/wp\/v2\/types\/post"}],"author":[{"embeddable":true,"href":"https:\/\/edus.gov.co\/en\/wp-json\/wp\/v2\/users\/17"}],"replies":[{"embeddable":true,"href":"https:\/\/edus.gov.co\/en\/wp-json\/wp\/v2\/comments?post=11501"}],"version-history":[{"count":4,"href":"https:\/\/edus.gov.co\/en\/wp-json\/wp\/v2\/posts\/11501\/revisions"}],"predecessor-version":[{"id":11506,"href":"https:\/\/edus.gov.co\/en\/wp-json\/wp\/v2\/posts\/11501\/revisions\/11506"}],"wp:featuredmedia":[{"embeddable":true,"href":"https:\/\/edus.gov.co\/en\/wp-json\/wp\/v2\/media\/11502"}],"wp:attachment":[{"href":"https:\/\/edus.gov.co\/en\/wp-json\/wp\/v2\/media?parent=11501"}],"wp:term":[{"taxonomy":"category","embeddable":true,"href":"https:\/\/edus.gov.co\/en\/wp-json\/wp\/v2\/categories?post=11501"},{"taxonomy":"post_tag","embeddable":true,"href":"https:\/\/edus.gov.co\/en\/wp-json\/wp\/v2\/tags?post=11501"}],"curies":[{"name":"wp","href":"https:\/\/api.w.org\/{rel}","templated":true}]}}