{"id":10242,"date":"2023-09-24T14:58:00","date_gmt":"2023-09-24T14:58:00","guid":{"rendered":"https:\/\/edus.gov.co\/?p=10242"},"modified":"2023-11-02T15:01:08","modified_gmt":"2023-11-02T15:01:08","slug":"alcaldesa-virna-johnson-entregara-obra-de-mi-calle-en-santa-fe-2","status":"publish","type":"post","link":"https:\/\/edus.gov.co\/en\/alcaldesa-virna-johnson-entregara-obra-de-mi-calle-en-santa-fe-2\/","title":{"rendered":"Mayor Virna Johnson will deliver the Mi Calle project in Santa Fe\u00a0"},"content":{"rendered":"<div data-elementor-type=\"wp-post\" data-elementor-id=\"10242\" class=\"elementor elementor-10242\" data-elementor-post-type=\"post\">\n\t\t\t\t\t\t<section class=\"elementor-section elementor-top-section elementor-element elementor-element-687bb192 elementor-section-boxed elementor-section-height-default elementor-section-height-default\" data-id=\"687bb192\" data-element_type=\"section\">\n\t\t\t\t\t\t<div class=\"elementor-container elementor-column-gap-default\">\n\t\t\t\t\t<div class=\"elementor-column elementor-col-100 elementor-top-column elementor-element elementor-element-4f30bfab\" data-id=\"4f30bfab\" data-element_type=\"column\">\n\t\t\t<div class=\"elementor-widget-wrap elementor-element-populated\">\n\t\t\t\t\t\t<div class=\"elementor-element elementor-element-2330fad3 elementor-widget elementor-widget-text-editor\" data-id=\"2330fad3\" data-element_type=\"widget\" data-widget_type=\"text-editor.default\">\n\t\t\t\t<div class=\"elementor-widget-container\">\n\t\t\t\t\t\t\t\t\t<p>La Alcald\u00eda Distrital hace una semana entreg\u00f3 las obras de reposici\u00f3n de placas en la calle 29A, entre carreras 13 y 15, solucionando 10 puntos cr\u00edticos de la v\u00eda cambiando de esta manea la cara a esta importante calle de la ciudad y beneficiando a m\u00e1s de 500 personas residentes aleda\u00f1as a este sector del barrio Bavaria.\u00a0<\/p><p>All\u00ed fueron reemplazados con pavimento r\u00edgido 280 m2 de placas\u00a0 hacen parte del Plan de Intervenci\u00f3n Masivo para el mejoramiento de la malla vial, impulsado por el Gobierno del Cambio Imparable que lidera la alcaldesa Virna Johnson.\u00a0<\/p><p>Pero, hoy la obra que fue ejecutada por la EDUS, ha sido intervenida de manera irresponsable por obreros de la Essmar, que sin ning\u00fan tipo de autorizaci\u00f3n por parte del Distrito decidieron reventar el nuevo pavimento afectado con ello los trabajos que fueron reci\u00e9n entregados para el beneficio de la comunidad samaria.\u00a0<\/p><p>\u201cDesde la administraci\u00f3n distrital le hacemos un llamado a la Essmar y a su agente interventor para que informen a la Alcald\u00eda sobre este tipo de trabajos que adelantan y exigimos que una vez terminadas las obras vuelvan a reponer el pavimento con las mismas caracter\u00edsticas y calidad con la que le entregamos a la ciudad esta obra del cambio\u201d, indic\u00f3 el gerente de la EDUS, Francisco Garc\u00eda Renter\u00eda.\u00a0<\/p><p>Agreg\u00f3 adem\u00e1s, que la Essmar se encuentra interviniendo las calles, dejando huecos que nunca tapan, o en su defecto lo dejan con un reparcheo de mala calidad dejando en mal estado calles y avenidas de Santa Marta afectando la movilidad y el tr\u00e1nsito de los actores viales y poniendo en riesgo la vida de la ciudadan\u00eda. \u00a0<\/p><p>Es de destacar que desde el 2022, la Administraci\u00f3n Distrital ha venido realizando acciones de reposici\u00f3n de placas en el Distrito, en donde se han recuperado m\u00e1s de 176 puntos en mal estado, d\u00e1ndole continuidad con obras que iniciaran en la avenida del Libertado, avenida de los Estudiantes y en la avenida del Ferrocarril, en la que se adelanta actualmente avanzando de esta manera en la transformaci\u00f3n de v\u00edas, beneficiando a los samarios y dando soluci\u00f3n a la movilidad en Santa Marta.\u00a0<\/p>\t\t\t\t\t\t\t\t<\/div>\n\t\t\t\t<\/div>\n\t\t\t\t\t<\/div>\n\t\t<\/div>\n\t\t\t\t\t<\/div>\n\t\t<\/section>\n\t\t\t\t<section class=\"elementor-section elementor-top-section elementor-element elementor-element-c0d47f5 elementor-section-full_width elementor-section-stretched elementor-section-height-default elementor-section-height-default\" data-id=\"c0d47f5\" data-element_type=\"section\" data-settings=\"{&quot;stretch_section&quot;:&quot;section-stretched&quot;}\">\n\t\t\t\t\t\t\t<div class=\"elementor-background-overlay\"><\/div>\n\t\t\t\t\t\t\t<div class=\"elementor-container elementor-column-gap-default\">\n\t\t\t\t\t<div class=\"elementor-column elementor-col-100 elementor-top-column elementor-element elementor-element-b3f40b9\" data-id=\"b3f40b9\" data-element_type=\"column\">\n\t\t\t<div class=\"elementor-widget-wrap elementor-element-populated\">\n\t\t\t\t\t\t<div class=\"elementor-element elementor-element-939a1e2 elementor-widget elementor-widget-heading\" data-id=\"939a1e2\" data-element_type=\"widget\" data-widget_type=\"heading.default\">\n\t\t\t\t<div class=\"elementor-widget-container\">\n\t\t\t\t\t<h3 class=\"elementor-heading-title elementor-size-default\">\u00daltimas Noticias<\/h3>\t\t\t\t<\/div>\n\t\t\t\t<\/div>\n\t\t\t\t\t<\/div>\n\t\t<\/div>\n\t\t\t\t\t<\/div>\n\t\t<\/section>\n\t\t\t\t<\/div>","protected":false},"excerpt":{"rendered":"<p>La Alcald\u00eda Distrital hace una semana entreg\u00f3 las obras de reposici\u00f3n de placas en la calle 29A, entre carreras 13 y 15, solucionando 10 puntos cr\u00edticos de la v\u00eda cambiando de esta manea la cara a esta importante calle de la ciudad y beneficiando a m\u00e1s de 500 personas residentes aleda\u00f1as a este sector del [&hellip;]<\/p>","protected":false},"author":17,"featured_media":10243,"comment_status":"closed","ping_status":"closed","sticky":false,"template":"","format":"standard","meta":{"site-sidebar-layout":"default","site-content-layout":"","ast-site-content-layout":"default","site-content-style":"default","site-sidebar-style":"default","ast-global-header-display":"","ast-banner-title-visibility":"","ast-main-header-display":"","ast-hfb-above-header-display":"","ast-hfb-below-header-display":"","ast-hfb-mobile-header-display":"","site-post-title":"","ast-breadcrumbs-content":"","ast-featured-img":"","footer-sml-layout":"","ast-disable-related-posts":"","theme-transparent-header-meta":"","adv-header-id-meta":"","stick-header-meta":"","header-above-stick-meta":"","header-main-stick-meta":"","header-below-stick-meta":"","astra-migrate-meta-layouts":"default","ast-page-background-enabled":"default","ast-page-background-meta":{"desktop":{"background-color":"var(--ast-global-color-4)","background-image":"","background-repeat":"repeat","background-position":"center center","background-size":"auto","background-attachment":"scroll","background-type":"","background-media":"","overlay-type":"","overlay-color":"","overlay-opacity":"","overlay-gradient":""},"tablet":{"background-color":"","background-image":"","background-repeat":"repeat","background-position":"center center","background-size":"auto","background-attachment":"scroll","background-type":"","background-media":"","overlay-type":"","overlay-color":"","overlay-opacity":"","overlay-gradient":""},"mobile":{"background-color":"","background-image":"","background-repeat":"repeat","background-position":"center center","background-size":"auto","background-attachment":"scroll","background-type":"","background-media":"","overlay-type":"","overlay-color":"","overlay-opacity":"","overlay-gradient":""}},"ast-content-background-meta":{"desktop":{"background-color":"var(--ast-global-color-5)","background-image":"","background-repeat":"repeat","background-position":"center center","background-size":"auto","background-attachment":"scroll","background-type":"","background-media":"","overlay-type":"","overlay-color":"","overlay-opacity":"","overlay-gradient":""},"tablet":{"background-color":"var(--ast-global-color-5)","background-image":"","background-repeat":"repeat","background-position":"center center","background-size":"auto","background-attachment":"scroll","background-type":"","background-media":"","overlay-type":"","overlay-color":"","overlay-opacity":"","overlay-gradient":""},"mobile":{"background-color":"var(--ast-global-color-5)","background-image":"","background-repeat":"repeat","background-position":"center center","background-size":"auto","background-attachment":"scroll","background-type":"","background-media":"","overlay-type":"","overlay-color":"","overlay-opacity":"","overlay-gradient":""}},"footnotes":""},"categories":[53],"tags":[],"class_list":["post-10242","post","type-post","status-publish","format-standard","has-post-thumbnail","hentry","category-ultimas-noticias"],"_links":{"self":[{"href":"https:\/\/edus.gov.co\/en\/wp-json\/wp\/v2\/posts\/10242","targetHints":{"allow":["GET"]}}],"collection":[{"href":"https:\/\/edus.gov.co\/en\/wp-json\/wp\/v2\/posts"}],"about":[{"href":"https:\/\/edus.gov.co\/en\/wp-json\/wp\/v2\/types\/post"}],"author":[{"embeddable":true,"href":"https:\/\/edus.gov.co\/en\/wp-json\/wp\/v2\/users\/17"}],"replies":[{"embeddable":true,"href":"https:\/\/edus.gov.co\/en\/wp-json\/wp\/v2\/comments?post=10242"}],"version-history":[{"count":4,"href":"https:\/\/edus.gov.co\/en\/wp-json\/wp\/v2\/posts\/10242\/revisions"}],"predecessor-version":[{"id":10247,"href":"https:\/\/edus.gov.co\/en\/wp-json\/wp\/v2\/posts\/10242\/revisions\/10247"}],"wp:featuredmedia":[{"embeddable":true,"href":"https:\/\/edus.gov.co\/en\/wp-json\/wp\/v2\/media\/10243"}],"wp:attachment":[{"href":"https:\/\/edus.gov.co\/en\/wp-json\/wp\/v2\/media?parent=10242"}],"wp:term":[{"taxonomy":"category","embeddable":true,"href":"https:\/\/edus.gov.co\/en\/wp-json\/wp\/v2\/categories?post=10242"},{"taxonomy":"post_tag","embeddable":true,"href":"https:\/\/edus.gov.co\/en\/wp-json\/wp\/v2\/tags?post=10242"}],"curies":[{"name":"wp","href":"https:\/\/api.w.org\/{rel}","templated":true}]}}