{"id":10195,"date":"2023-09-02T16:08:00","date_gmt":"2023-09-02T16:08:00","guid":{"rendered":"https:\/\/edus.gov.co\/?p=10195"},"modified":"2023-11-01T16:11:35","modified_gmt":"2023-11-01T16:11:35","slug":"alcaldia-distrital-supero-hundimiento-en-el-camellon-de-la-bahia-2","status":"publish","type":"post","link":"https:\/\/edus.gov.co\/en\/alcaldia-distrital-supero-hundimiento-en-el-camellon-de-la-bahia-2\/","title":{"rendered":"Alcald\u00eda Distrital super\u00f3 hundimiento en el Camell\u00f3n de la Bah\u00eda"},"content":{"rendered":"<div data-elementor-type=\"wp-post\" data-elementor-id=\"10195\" class=\"elementor elementor-10195\" data-elementor-post-type=\"post\">\n\t\t\t\t\t\t<section class=\"elementor-section elementor-top-section elementor-element elementor-element-687bb192 elementor-section-boxed elementor-section-height-default elementor-section-height-default\" data-id=\"687bb192\" data-element_type=\"section\">\n\t\t\t\t\t\t<div class=\"elementor-container elementor-column-gap-default\">\n\t\t\t\t\t<div class=\"elementor-column elementor-col-100 elementor-top-column elementor-element elementor-element-4f30bfab\" data-id=\"4f30bfab\" data-element_type=\"column\">\n\t\t\t<div class=\"elementor-widget-wrap elementor-element-populated\">\n\t\t\t\t\t\t<div class=\"elementor-element elementor-element-2330fad3 elementor-widget elementor-widget-text-editor\" data-id=\"2330fad3\" data-element_type=\"widget\" data-widget_type=\"text-editor.default\">\n\t\t\t\t<div class=\"elementor-widget-container\">\n\t\t\t\t\t\t\t\t\t<p style=\"font-weight: 400;\">El Camell\u00f3n de la Bah\u00eda de Santa Marta super\u00f3 el asentamiento de suelo que present\u00f3 en la jardinera ubicada en la carrera primera con calle 14, a pocos metros del monumento Rodrigo de Bastidas.\u00a0<\/p><p style=\"font-weight: 400;\">Los arreglos fueron adelantados por la Alcald\u00eda Distrital de Santa Marta, a trav\u00e9s de la Empresa de Desarrollo y Renovaci\u00f3n Urbano Sostenible, EDUS, quienes se encuentran a cargo de este importante espacio de la ciudad.\u00a0<\/p><p style=\"font-weight: 400;\">Estos trabajos de reparaci\u00f3n del Camell\u00f3n de la Bah\u00eda quedaron listos en tiempo y forma, garantizando que el problema ya no se presentar\u00e1, ni causar\u00e1 afectaciones en la infraestructura.\u00a0<\/p><p style=\"font-weight: 400;\">De acuerdo con los estudios t\u00e9cnicos realizado por los especialistas en el tema, y quienes adelantaron las inspecciones del caso, establecieron que el hundimiento obedeci\u00f3 a que los cimientos de la estructura del antiguo camell\u00f3n cedieron, ocasionando el asentamiento que afect\u00f3 la jardinera y parte del piso del emblem\u00e1tico lugar.\u00a0<\/p><p style=\"font-weight: 400;\">Por su parte, Francisco Garc\u00eda Renter\u00eda, gerente de la EDUS, coment\u00f3 que con estos trabajos el Camell\u00f3n regresa a su funcionamiento al ciento por ciento. &#8220;Se hizo el trabajo correctamente, se hizo un vaciado de concreto, ya qued\u00f3 muy s\u00f3lido, ya apisonaron la tierra, para que no se vuelva a presentar el hundimiento&#8221;, explic\u00f3.\u00a0<\/p><p style=\"font-weight: 400;\">Durante los trabajos se llev\u00f3 a cabo un seguimiento estricto, una vez que los t\u00e9cnicos confirmaron que la estructura estaba completamente asentada y firme, se procedi\u00f3 con arreglar el piso guardando el dise\u00f1o con el que se construy\u00f3.\u00a0<\/p><p style=\"font-weight: 400;\">\u201cSi no se actuaba de inmediato corr\u00edamos el riesgo de que despu\u00e9s fuera demasiado tarde, por esta raz\u00f3n se prioriz\u00f3 para realizar la intervenci\u00f3n para solucionar la afectaci\u00f3n en el suelo\u201d, dijo Garc\u00eda Renter\u00eda. \u00a0<\/p><p style=\"font-weight: 400;\">Es de recordar que el Camell\u00f3n de la Bah\u00eda fue sometido a mantenimiento preventivo y correctivo, con acondicionamiento y ornamentaci\u00f3n de los espacios, para que los samarios sigan disfrutando de las obras de los Gobiernos del Cambio, que transforman a la ciudad rumbo a sus 500 a\u00f1os.\u00a0<\/p>\t\t\t\t\t\t\t\t<\/div>\n\t\t\t\t<\/div>\n\t\t\t\t\t<\/div>\n\t\t<\/div>\n\t\t\t\t\t<\/div>\n\t\t<\/section>\n\t\t\t\t<section class=\"elementor-section elementor-top-section elementor-element elementor-element-c0d47f5 elementor-section-full_width elementor-section-stretched elementor-section-height-default elementor-section-height-default\" data-id=\"c0d47f5\" data-element_type=\"section\" data-settings=\"{&quot;stretch_section&quot;:&quot;section-stretched&quot;}\">\n\t\t\t\t\t\t\t<div class=\"elementor-background-overlay\"><\/div>\n\t\t\t\t\t\t\t<div class=\"elementor-container elementor-column-gap-default\">\n\t\t\t\t\t<div class=\"elementor-column elementor-col-100 elementor-top-column elementor-element elementor-element-b3f40b9\" data-id=\"b3f40b9\" data-element_type=\"column\">\n\t\t\t<div class=\"elementor-widget-wrap elementor-element-populated\">\n\t\t\t\t\t\t<div class=\"elementor-element elementor-element-939a1e2 elementor-widget elementor-widget-heading\" data-id=\"939a1e2\" data-element_type=\"widget\" data-widget_type=\"heading.default\">\n\t\t\t\t<div class=\"elementor-widget-container\">\n\t\t\t\t\t<h3 class=\"elementor-heading-title elementor-size-default\">\u00daltimas Noticias<\/h3>\t\t\t\t<\/div>\n\t\t\t\t<\/div>\n\t\t\t\t\t<\/div>\n\t\t<\/div>\n\t\t\t\t\t<\/div>\n\t\t<\/section>\n\t\t\t\t<\/div>","protected":false},"excerpt":{"rendered":"<p>El Camell\u00f3n de la Bah\u00eda de Santa Marta super\u00f3 el asentamiento de suelo que present\u00f3 en la jardinera ubicada en la carrera primera con calle 14, a pocos metros del monumento Rodrigo de Bastidas. Los arreglos fueron adelantados por la Alcald\u00eda Distrital de Santa Marta, a trav\u00e9s de la Empresa de Desarrollo y Renovaci\u00f3n Urbano [&hellip;]<\/p>","protected":false},"author":17,"featured_media":10200,"comment_status":"closed","ping_status":"closed","sticky":false,"template":"","format":"standard","meta":{"site-sidebar-layout":"default","site-content-layout":"","ast-site-content-layout":"default","site-content-style":"default","site-sidebar-style":"default","ast-global-header-display":"","ast-banner-title-visibility":"","ast-main-header-display":"","ast-hfb-above-header-display":"","ast-hfb-below-header-display":"","ast-hfb-mobile-header-display":"","site-post-title":"","ast-breadcrumbs-content":"","ast-featured-img":"","footer-sml-layout":"","ast-disable-related-posts":"","theme-transparent-header-meta":"","adv-header-id-meta":"","stick-header-meta":"","header-above-stick-meta":"","header-main-stick-meta":"","header-below-stick-meta":"","astra-migrate-meta-layouts":"default","ast-page-background-enabled":"default","ast-page-background-meta":{"desktop":{"background-color":"var(--ast-global-color-4)","background-image":"","background-repeat":"repeat","background-position":"center center","background-size":"auto","background-attachment":"scroll","background-type":"","background-media":"","overlay-type":"","overlay-color":"","overlay-opacity":"","overlay-gradient":""},"tablet":{"background-color":"","background-image":"","background-repeat":"repeat","background-position":"center center","background-size":"auto","background-attachment":"scroll","background-type":"","background-media":"","overlay-type":"","overlay-color":"","overlay-opacity":"","overlay-gradient":""},"mobile":{"background-color":"","background-image":"","background-repeat":"repeat","background-position":"center center","background-size":"auto","background-attachment":"scroll","background-type":"","background-media":"","overlay-type":"","overlay-color":"","overlay-opacity":"","overlay-gradient":""}},"ast-content-background-meta":{"desktop":{"background-color":"var(--ast-global-color-5)","background-image":"","background-repeat":"repeat","background-position":"center center","background-size":"auto","background-attachment":"scroll","background-type":"","background-media":"","overlay-type":"","overlay-color":"","overlay-opacity":"","overlay-gradient":""},"tablet":{"background-color":"var(--ast-global-color-5)","background-image":"","background-repeat":"repeat","background-position":"center center","background-size":"auto","background-attachment":"scroll","background-type":"","background-media":"","overlay-type":"","overlay-color":"","overlay-opacity":"","overlay-gradient":""},"mobile":{"background-color":"var(--ast-global-color-5)","background-image":"","background-repeat":"repeat","background-position":"center center","background-size":"auto","background-attachment":"scroll","background-type":"","background-media":"","overlay-type":"","overlay-color":"","overlay-opacity":"","overlay-gradient":""}},"footnotes":""},"categories":[53],"tags":[],"class_list":["post-10195","post","type-post","status-publish","format-standard","has-post-thumbnail","hentry","category-ultimas-noticias"],"_links":{"self":[{"href":"https:\/\/edus.gov.co\/en\/wp-json\/wp\/v2\/posts\/10195","targetHints":{"allow":["GET"]}}],"collection":[{"href":"https:\/\/edus.gov.co\/en\/wp-json\/wp\/v2\/posts"}],"about":[{"href":"https:\/\/edus.gov.co\/en\/wp-json\/wp\/v2\/types\/post"}],"author":[{"embeddable":true,"href":"https:\/\/edus.gov.co\/en\/wp-json\/wp\/v2\/users\/17"}],"replies":[{"embeddable":true,"href":"https:\/\/edus.gov.co\/en\/wp-json\/wp\/v2\/comments?post=10195"}],"version-history":[{"count":5,"href":"https:\/\/edus.gov.co\/en\/wp-json\/wp\/v2\/posts\/10195\/revisions"}],"predecessor-version":[{"id":10202,"href":"https:\/\/edus.gov.co\/en\/wp-json\/wp\/v2\/posts\/10195\/revisions\/10202"}],"wp:featuredmedia":[{"embeddable":true,"href":"https:\/\/edus.gov.co\/en\/wp-json\/wp\/v2\/media\/10200"}],"wp:attachment":[{"href":"https:\/\/edus.gov.co\/en\/wp-json\/wp\/v2\/media?parent=10195"}],"wp:term":[{"taxonomy":"category","embeddable":true,"href":"https:\/\/edus.gov.co\/en\/wp-json\/wp\/v2\/categories?post=10195"},{"taxonomy":"post_tag","embeddable":true,"href":"https:\/\/edus.gov.co\/en\/wp-json\/wp\/v2\/tags?post=10195"}],"curies":[{"name":"wp","href":"https:\/\/api.w.org\/{rel}","templated":true}]}}