{"id":10179,"date":"2023-08-31T15:25:00","date_gmt":"2023-08-31T15:25:00","guid":{"rendered":"https:\/\/edus.gov.co\/?p=10179"},"modified":"2023-11-01T15:27:01","modified_gmt":"2023-11-01T15:27:01","slug":"mi-calle-en-santa-fe-se-encuentra-en-su-recta-final","status":"publish","type":"post","link":"https:\/\/edus.gov.co\/en\/mi-calle-en-santa-fe-se-encuentra-en-su-recta-final\/","title":{"rendered":"\u00a0Mi\u00a0\u00a0Calle\u2019 en Santa Fe se encuentra en su recta final\u00a0\u00a0"},"content":{"rendered":"<div data-elementor-type=\"wp-post\" data-elementor-id=\"10179\" class=\"elementor elementor-10179\" data-elementor-post-type=\"post\">\n\t\t\t\t\t\t<section class=\"elementor-section elementor-top-section elementor-element elementor-element-687bb192 elementor-section-boxed elementor-section-height-default elementor-section-height-default\" data-id=\"687bb192\" data-element_type=\"section\">\n\t\t\t\t\t\t<div class=\"elementor-container elementor-column-gap-default\">\n\t\t\t\t\t<div class=\"elementor-column elementor-col-100 elementor-top-column elementor-element elementor-element-4f30bfab\" data-id=\"4f30bfab\" data-element_type=\"column\">\n\t\t\t<div class=\"elementor-widget-wrap elementor-element-populated\">\n\t\t\t\t\t\t<div class=\"elementor-element elementor-element-2330fad3 elementor-widget elementor-widget-text-editor\" data-id=\"2330fad3\" data-element_type=\"widget\" data-widget_type=\"text-editor.default\">\n\t\t\t\t<div class=\"elementor-widget-container\">\n\t\t\t\t\t\t\t\t\t<p style=\"font-weight: 400;\">Con un avance del 80%, el programa \u2018Mi Calle\u2019 inicia su etapa final en la pavimentaci\u00f3n de un tramo de v\u00eda del barrio Santa Fe, obra de los Gobiernos del Cambio, que dignifica la vida de m\u00e1s de 2 mil personas que residen en este sector y en zonas aleda\u00f1as.\u00a0<\/p>\n<p style=\"font-weight: 400;\">Las obras se adelantan en la en la calle 16 entre carreras 39 y 43, en donde hasta la fecha se han pavimentado 558 m2 y se realiz\u00f3 la reposici\u00f3n de 308 metros lineales de tuber\u00edas de alcantarillado y de acueducto.\u00a0<\/p>\n<p style=\"font-weight: 400;\">Del mismo modo, se instalaron 7 manholes, 30 acometidas y 28 registros de alcantarillado que optimizar\u00e1n el servicio en este tramo priorizado por la Alcald\u00eda Distrital, que lidera la alcaldesa Virna Johnson.\u00a0<\/p>\n<p style=\"font-weight: 400;\">\u201cEl objetivo final de este proyecto es pavimentar 580 m2 de v\u00eda, 202 m2 de espacio p\u00fablico, 230 metros lineales de tuber\u00eda de acueducto y 202 metros lineales de tuber\u00eda de alcantarillado, con lo que demuestra que el Cambio sigue imparable con el mejoramiento de las v\u00edas, la movilidad y la recuperaci\u00f3n de los espacios p\u00fablicos de Santa Marta\u201d, indic\u00f3 el gerente de la EDUS, Francisco Garc\u00eda Renter\u00eda.\u00a0\u00a0<\/p>\n<p style=\"font-weight: 400;\">Esta ser\u00e1 la sexta calle que entrega la mandataria distrital, cumpliendo con el compromiso de ofrecerles mejores v\u00edas a los barrios de la ciudad, para facilitar la movilidad de sus habitantes.\u00a0<\/p>\n<p style=\"font-weight: 400;\">Cabe recordar que \u2018Mi Calle\u2019 inici\u00f3 durante la administraci\u00f3n del entonces alcalde Carlos Caicedo, que luego de tres periodos de los Gobiernos del Cambio, han pavimentado m\u00e1s de 50 calles, siendo parte activa de la transformaci\u00f3n que actualmente vive Santa Marta y convirti\u00e9ndose en uno de los programas m\u00e1s queridos por los samarios, el cual aporta a la integraci\u00f3n de la comunidad entorno a sus v\u00edas.\u00a0<\/p>\n<p style=\"font-weight: 400;\">Los Gobiernos del Cambio siguen trabajando en la transformaci\u00f3n de la malla vial de la ciudad con obras integrales que incluyen reposici\u00f3n de tuber\u00edas optimizando de esta manera el sistema de acueducto y alcantarillado.<\/p>\t\t\t\t\t\t\t\t<\/div>\n\t\t\t\t<\/div>\n\t\t\t\t\t<\/div>\n\t\t<\/div>\n\t\t\t\t\t<\/div>\n\t\t<\/section>\n\t\t\t\t<section class=\"elementor-section elementor-top-section elementor-element elementor-element-c0d47f5 elementor-section-full_width elementor-section-stretched elementor-section-height-default elementor-section-height-default\" data-id=\"c0d47f5\" data-element_type=\"section\" data-settings=\"{&quot;stretch_section&quot;:&quot;section-stretched&quot;}\">\n\t\t\t\t\t\t\t<div class=\"elementor-background-overlay\"><\/div>\n\t\t\t\t\t\t\t<div class=\"elementor-container elementor-column-gap-default\">\n\t\t\t\t\t<div class=\"elementor-column elementor-col-100 elementor-top-column elementor-element elementor-element-b3f40b9\" data-id=\"b3f40b9\" data-element_type=\"column\">\n\t\t\t<div class=\"elementor-widget-wrap elementor-element-populated\">\n\t\t\t\t\t\t<div class=\"elementor-element elementor-element-939a1e2 elementor-widget elementor-widget-heading\" data-id=\"939a1e2\" data-element_type=\"widget\" data-widget_type=\"heading.default\">\n\t\t\t\t<div class=\"elementor-widget-container\">\n\t\t\t\t\t<h3 class=\"elementor-heading-title elementor-size-default\">\u00daltimas Noticias<\/h3>\t\t\t\t<\/div>\n\t\t\t\t<\/div>\n\t\t\t\t\t<\/div>\n\t\t<\/div>\n\t\t\t\t\t<\/div>\n\t\t<\/section>\n\t\t\t\t<\/div>","protected":false},"excerpt":{"rendered":"<p>Con un avance del 80%, el programa \u2018Mi Calle\u2019 inicia su etapa final en la pavimentaci\u00f3n de un tramo de v\u00eda del barrio Santa Fe, obra de los Gobiernos del Cambio, que dignifica la vida de m\u00e1s de 2 mil personas que residen en este sector y en zonas aleda\u00f1as.\u00a0 Las obras se adelantan en [&hellip;]<\/p>","protected":false},"author":17,"featured_media":10180,"comment_status":"closed","ping_status":"closed","sticky":false,"template":"","format":"standard","meta":{"site-sidebar-layout":"default","site-content-layout":"","ast-site-content-layout":"default","site-content-style":"default","site-sidebar-style":"default","ast-global-header-display":"","ast-banner-title-visibility":"","ast-main-header-display":"","ast-hfb-above-header-display":"","ast-hfb-below-header-display":"","ast-hfb-mobile-header-display":"","site-post-title":"","ast-breadcrumbs-content":"","ast-featured-img":"","footer-sml-layout":"","ast-disable-related-posts":"","theme-transparent-header-meta":"","adv-header-id-meta":"","stick-header-meta":"","header-above-stick-meta":"","header-main-stick-meta":"","header-below-stick-meta":"","astra-migrate-meta-layouts":"default","ast-page-background-enabled":"default","ast-page-background-meta":{"desktop":{"background-color":"var(--ast-global-color-4)","background-image":"","background-repeat":"repeat","background-position":"center center","background-size":"auto","background-attachment":"scroll","background-type":"","background-media":"","overlay-type":"","overlay-color":"","overlay-opacity":"","overlay-gradient":""},"tablet":{"background-color":"","background-image":"","background-repeat":"repeat","background-position":"center center","background-size":"auto","background-attachment":"scroll","background-type":"","background-media":"","overlay-type":"","overlay-color":"","overlay-opacity":"","overlay-gradient":""},"mobile":{"background-color":"","background-image":"","background-repeat":"repeat","background-position":"center center","background-size":"auto","background-attachment":"scroll","background-type":"","background-media":"","overlay-type":"","overlay-color":"","overlay-opacity":"","overlay-gradient":""}},"ast-content-background-meta":{"desktop":{"background-color":"var(--ast-global-color-5)","background-image":"","background-repeat":"repeat","background-position":"center center","background-size":"auto","background-attachment":"scroll","background-type":"","background-media":"","overlay-type":"","overlay-color":"","overlay-opacity":"","overlay-gradient":""},"tablet":{"background-color":"var(--ast-global-color-5)","background-image":"","background-repeat":"repeat","background-position":"center center","background-size":"auto","background-attachment":"scroll","background-type":"","background-media":"","overlay-type":"","overlay-color":"","overlay-opacity":"","overlay-gradient":""},"mobile":{"background-color":"var(--ast-global-color-5)","background-image":"","background-repeat":"repeat","background-position":"center center","background-size":"auto","background-attachment":"scroll","background-type":"","background-media":"","overlay-type":"","overlay-color":"","overlay-opacity":"","overlay-gradient":""}},"footnotes":""},"categories":[53],"tags":[],"class_list":["post-10179","post","type-post","status-publish","format-standard","has-post-thumbnail","hentry","category-ultimas-noticias"],"_links":{"self":[{"href":"https:\/\/edus.gov.co\/en\/wp-json\/wp\/v2\/posts\/10179","targetHints":{"allow":["GET"]}}],"collection":[{"href":"https:\/\/edus.gov.co\/en\/wp-json\/wp\/v2\/posts"}],"about":[{"href":"https:\/\/edus.gov.co\/en\/wp-json\/wp\/v2\/types\/post"}],"author":[{"embeddable":true,"href":"https:\/\/edus.gov.co\/en\/wp-json\/wp\/v2\/users\/17"}],"replies":[{"embeddable":true,"href":"https:\/\/edus.gov.co\/en\/wp-json\/wp\/v2\/comments?post=10179"}],"version-history":[{"count":4,"href":"https:\/\/edus.gov.co\/en\/wp-json\/wp\/v2\/posts\/10179\/revisions"}],"predecessor-version":[{"id":10184,"href":"https:\/\/edus.gov.co\/en\/wp-json\/wp\/v2\/posts\/10179\/revisions\/10184"}],"wp:featuredmedia":[{"embeddable":true,"href":"https:\/\/edus.gov.co\/en\/wp-json\/wp\/v2\/media\/10180"}],"wp:attachment":[{"href":"https:\/\/edus.gov.co\/en\/wp-json\/wp\/v2\/media?parent=10179"}],"wp:term":[{"taxonomy":"category","embeddable":true,"href":"https:\/\/edus.gov.co\/en\/wp-json\/wp\/v2\/categories?post=10179"},{"taxonomy":"post_tag","embeddable":true,"href":"https:\/\/edus.gov.co\/en\/wp-json\/wp\/v2\/tags?post=10179"}],"curies":[{"name":"wp","href":"https:\/\/api.w.org\/{rel}","templated":true}]}}