{"id":10175,"date":"2023-08-30T15:14:00","date_gmt":"2023-08-30T15:14:00","guid":{"rendered":"https:\/\/edus.gov.co\/?p=10175"},"modified":"2023-11-01T15:18:10","modified_gmt":"2023-11-01T15:18:10","slug":"alcaldia-distrital-invita-a-samarios-a-cuidar-de-las-jardineras-y-plantas-de-los-separadores","status":"publish","type":"post","link":"https:\/\/edus.gov.co\/en\/alcaldia-distrital-invita-a-samarios-a-cuidar-de-las-jardineras-y-plantas-de-los-separadores\/","title":{"rendered":"Alcald\u00eda Distrital invita a samarios a cuidar de las jardineras y plantas de los separadores\u00a0\u00a0\u00a0"},"content":{"rendered":"<div data-elementor-type=\"wp-post\" data-elementor-id=\"10175\" class=\"elementor elementor-10175\" data-elementor-post-type=\"post\">\n\t\t\t\t\t\t<section class=\"elementor-section elementor-top-section elementor-element elementor-element-687bb192 elementor-section-boxed elementor-section-height-default elementor-section-height-default\" data-id=\"687bb192\" data-element_type=\"section\">\n\t\t\t\t\t\t<div class=\"elementor-container elementor-column-gap-default\">\n\t\t\t\t\t<div class=\"elementor-column elementor-col-100 elementor-top-column elementor-element elementor-element-4f30bfab\" data-id=\"4f30bfab\" data-element_type=\"column\">\n\t\t\t<div class=\"elementor-widget-wrap elementor-element-populated\">\n\t\t\t\t\t\t<div class=\"elementor-element elementor-element-2330fad3 elementor-widget elementor-widget-text-editor\" data-id=\"2330fad3\" data-element_type=\"widget\" data-widget_type=\"text-editor.default\">\n\t\t\t\t<div class=\"elementor-widget-container\">\n\t\t\t\t\t\t\t\t\t<p style=\"font-weight: 400;\">La administraci\u00f3n distrital trabaja en la articulaci\u00f3n de las acciones del gobierno del cambio con la comunidad, con el fin de lograr un canal de comunicaci\u00f3n efectivo, en donde se puedan proyectar soluciones que mejoren su calidad de vida.\u00a0<\/p><p style=\"font-weight: 400;\">Por esta raz\u00f3n, se reunieron l\u00edderes, representantes de las Juntas de Acci\u00f3n Comunal de los barrios y veredas de Bonda, adem\u00e1s ediles y el gabinete distrital, con el objetivo de escuchar las inquietudes de los habitantes de este sector, acerca de las obras que se adelantan en esta importante zona del Distrito.\u00a0<\/p><p style=\"font-weight: 400;\">La convocatoria la hizo la Alta Consejer\u00eda para La Sierra Nevada y Zona Rural, cumpliendo con las directrices de la alcaldesa Virna Johnson, a la cual acudieron representantes de las veredas Vista Linda, Jirocasaca, Masinga, El Curval, entre otros.\u00a0\u00a0<\/p><p style=\"font-weight: 400;\">As\u00ed mismo, los representantes de las Juntas de Acci\u00f3n Comunal de algunos barrios, como Cartagena, Vista Hermosa, Los Laureles, Bonda Centro, estuvieron exponiendo sus inquietudes\u00a0\u00a0<\/p><p style=\"font-weight: 400;\">La comunidad mostr\u00f3 su satisfacci\u00f3n con este tipo de reuniones que ayudan a despejar las dudas sobre los proyectos que la Alcald\u00eda ejecuta en Bonda, como la pavimentaci\u00f3n 1.5 kil\u00f3metros de la v\u00eda principal, las obras menores que pronto dar\u00e1n inicio y los programas recreodeportivos de gran importancia para las familias bonderas.\u00a0<\/p><p style=\"font-weight: 400;\">\u201cLa presencia de los Gobiernos del Cambio ha sido muy buena, en donde podemos ver la pavimentaci\u00f3n de la v\u00eda principal, con sus respectivos andenes, que era algo que necesit\u00e1bamos. Se van a llevar a cabo seis obras menores y esto sin duda alguna nos est\u00e1 entregando soluciones tanto para Bonda, como para sus veredas\u201d, dijo Magalis Bautista Mart\u00ednez, presidenta de la Junta de Acci\u00f3n Comunal de Los Laureles de Bonda.\u00a0<\/p><p style=\"font-weight: 400;\">Agreg\u00f3 la dirigente comunal, que esta reuni\u00f3n es una excelente iniciativa, teniendo en cuenta la participaci\u00f3n de todos\u00a0los l\u00edderes para trabajar de la mano con la Alcald\u00eda Distrital.\u00a0\u00a0<\/p><p style=\"font-weight: 400;\">\u201cEs muy importante que est\u00e9n abiertos estos espacios, que llaman a la unidad para trabajar dentro de la comunidad\u201d, se\u00f1al\u00f3.\u00a0\u00a0<\/p><p style=\"font-weight: 400;\">Durante el encuentro, la Alcald\u00eda del Cambio tambi\u00e9n entreg\u00f3 el cronograma de actividades con la oferta institucional que se desarrollar\u00e1 en los pr\u00f3ximos d\u00edas, por medio de la cual, los habitantes podr\u00e1n acceder a los servicios que ofrece la Administraci\u00f3n Distrital.\u00a0<\/p><p style=\"font-weight: 400;\">Del mismo modo, el Gabinete del Distrito continuar\u00e1 llegando a los distintos corregimientos para seguir escuchando a los samarios y avanzar con el cambio en cada rinc\u00f3n de Santa Marta, rumbo a sus 500 a\u00f1os.\u00a0<\/p>\t\t\t\t\t\t\t\t<\/div>\n\t\t\t\t<\/div>\n\t\t\t\t\t<\/div>\n\t\t<\/div>\n\t\t\t\t\t<\/div>\n\t\t<\/section>\n\t\t\t\t<section class=\"elementor-section elementor-top-section elementor-element elementor-element-c0d47f5 elementor-section-full_width elementor-section-stretched elementor-section-height-default elementor-section-height-default\" data-id=\"c0d47f5\" data-element_type=\"section\" data-settings=\"{&quot;stretch_section&quot;:&quot;section-stretched&quot;}\">\n\t\t\t\t\t\t\t<div class=\"elementor-background-overlay\"><\/div>\n\t\t\t\t\t\t\t<div class=\"elementor-container elementor-column-gap-default\">\n\t\t\t\t\t<div class=\"elementor-column elementor-col-100 elementor-top-column elementor-element elementor-element-b3f40b9\" data-id=\"b3f40b9\" data-element_type=\"column\">\n\t\t\t<div class=\"elementor-widget-wrap elementor-element-populated\">\n\t\t\t\t\t\t<div class=\"elementor-element elementor-element-939a1e2 elementor-widget elementor-widget-heading\" data-id=\"939a1e2\" data-element_type=\"widget\" data-widget_type=\"heading.default\">\n\t\t\t\t<div class=\"elementor-widget-container\">\n\t\t\t\t\t<h3 class=\"elementor-heading-title elementor-size-default\">\u00daltimas Noticias<\/h3>\t\t\t\t<\/div>\n\t\t\t\t<\/div>\n\t\t\t\t\t<\/div>\n\t\t<\/div>\n\t\t\t\t\t<\/div>\n\t\t<\/section>\n\t\t\t\t<\/div>","protected":false},"excerpt":{"rendered":"<p>La administraci\u00f3n distrital trabaja en la articulaci\u00f3n de las acciones del gobierno del cambio con la comunidad, con el fin de lograr un canal de comunicaci\u00f3n efectivo, en donde se puedan proyectar soluciones que mejoren su calidad de vida. Por esta raz\u00f3n, se reunieron l\u00edderes, representantes de las Juntas de Acci\u00f3n Comunal de los barrios [&hellip;]<\/p>","protected":false},"author":17,"featured_media":10176,"comment_status":"closed","ping_status":"closed","sticky":false,"template":"","format":"standard","meta":{"site-sidebar-layout":"default","site-content-layout":"","ast-site-content-layout":"default","site-content-style":"default","site-sidebar-style":"default","ast-global-header-display":"","ast-banner-title-visibility":"","ast-main-header-display":"","ast-hfb-above-header-display":"","ast-hfb-below-header-display":"","ast-hfb-mobile-header-display":"","site-post-title":"","ast-breadcrumbs-content":"","ast-featured-img":"","footer-sml-layout":"","ast-disable-related-posts":"","theme-transparent-header-meta":"","adv-header-id-meta":"","stick-header-meta":"","header-above-stick-meta":"","header-main-stick-meta":"","header-below-stick-meta":"","astra-migrate-meta-layouts":"default","ast-page-background-enabled":"default","ast-page-background-meta":{"desktop":{"background-color":"var(--ast-global-color-4)","background-image":"","background-repeat":"repeat","background-position":"center center","background-size":"auto","background-attachment":"scroll","background-type":"","background-media":"","overlay-type":"","overlay-color":"","overlay-opacity":"","overlay-gradient":""},"tablet":{"background-color":"","background-image":"","background-repeat":"repeat","background-position":"center center","background-size":"auto","background-attachment":"scroll","background-type":"","background-media":"","overlay-type":"","overlay-color":"","overlay-opacity":"","overlay-gradient":""},"mobile":{"background-color":"","background-image":"","background-repeat":"repeat","background-position":"center center","background-size":"auto","background-attachment":"scroll","background-type":"","background-media":"","overlay-type":"","overlay-color":"","overlay-opacity":"","overlay-gradient":""}},"ast-content-background-meta":{"desktop":{"background-color":"var(--ast-global-color-5)","background-image":"","background-repeat":"repeat","background-position":"center center","background-size":"auto","background-attachment":"scroll","background-type":"","background-media":"","overlay-type":"","overlay-color":"","overlay-opacity":"","overlay-gradient":""},"tablet":{"background-color":"var(--ast-global-color-5)","background-image":"","background-repeat":"repeat","background-position":"center center","background-size":"auto","background-attachment":"scroll","background-type":"","background-media":"","overlay-type":"","overlay-color":"","overlay-opacity":"","overlay-gradient":""},"mobile":{"background-color":"var(--ast-global-color-5)","background-image":"","background-repeat":"repeat","background-position":"center center","background-size":"auto","background-attachment":"scroll","background-type":"","background-media":"","overlay-type":"","overlay-color":"","overlay-opacity":"","overlay-gradient":""}},"footnotes":""},"categories":[53],"tags":[],"class_list":["post-10175","post","type-post","status-publish","format-standard","has-post-thumbnail","hentry","category-ultimas-noticias"],"_links":{"self":[{"href":"https:\/\/edus.gov.co\/en\/wp-json\/wp\/v2\/posts\/10175","targetHints":{"allow":["GET"]}}],"collection":[{"href":"https:\/\/edus.gov.co\/en\/wp-json\/wp\/v2\/posts"}],"about":[{"href":"https:\/\/edus.gov.co\/en\/wp-json\/wp\/v2\/types\/post"}],"author":[{"embeddable":true,"href":"https:\/\/edus.gov.co\/en\/wp-json\/wp\/v2\/users\/17"}],"replies":[{"embeddable":true,"href":"https:\/\/edus.gov.co\/en\/wp-json\/wp\/v2\/comments?post=10175"}],"version-history":[{"count":1,"href":"https:\/\/edus.gov.co\/en\/wp-json\/wp\/v2\/posts\/10175\/revisions"}],"predecessor-version":[{"id":10177,"href":"https:\/\/edus.gov.co\/en\/wp-json\/wp\/v2\/posts\/10175\/revisions\/10177"}],"wp:featuredmedia":[{"embeddable":true,"href":"https:\/\/edus.gov.co\/en\/wp-json\/wp\/v2\/media\/10176"}],"wp:attachment":[{"href":"https:\/\/edus.gov.co\/en\/wp-json\/wp\/v2\/media?parent=10175"}],"wp:term":[{"taxonomy":"category","embeddable":true,"href":"https:\/\/edus.gov.co\/en\/wp-json\/wp\/v2\/categories?post=10175"},{"taxonomy":"post_tag","embeddable":true,"href":"https:\/\/edus.gov.co\/en\/wp-json\/wp\/v2\/tags?post=10175"}],"curies":[{"name":"wp","href":"https:\/\/api.w.org\/{rel}","templated":true}]}}