{"id":10168,"date":"2023-08-29T14:57:00","date_gmt":"2023-08-29T14:57:00","guid":{"rendered":"https:\/\/edus.gov.co\/?p=10168"},"modified":"2023-11-01T15:02:19","modified_gmt":"2023-11-01T15:02:19","slug":"alcaldia-distrital-intervendra-53-m2-de-via-en-mal-estado-en-la-avenida-del-ferrocarril","status":"publish","type":"post","link":"https:\/\/edus.gov.co\/en\/alcaldia-distrital-intervendra-53-m2-de-via-en-mal-estado-en-la-avenida-del-ferrocarril\/","title":{"rendered":"Alcald\u00eda Distrital intervendr\u00e1 53 m2 de v\u00eda en mal estado en la avenida del Ferrocarril"},"content":{"rendered":"<div data-elementor-type=\"wp-post\" data-elementor-id=\"10168\" class=\"elementor elementor-10168\" data-elementor-post-type=\"post\">\n\t\t\t\t\t\t<section class=\"elementor-section elementor-top-section elementor-element elementor-element-687bb192 elementor-section-boxed elementor-section-height-default elementor-section-height-default\" data-id=\"687bb192\" data-element_type=\"section\">\n\t\t\t\t\t\t<div class=\"elementor-container elementor-column-gap-default\">\n\t\t\t\t\t<div class=\"elementor-column elementor-col-100 elementor-top-column elementor-element elementor-element-4f30bfab\" data-id=\"4f30bfab\" data-element_type=\"column\">\n\t\t\t<div class=\"elementor-widget-wrap elementor-element-populated\">\n\t\t\t\t\t\t<div class=\"elementor-element elementor-element-2330fad3 elementor-widget elementor-widget-text-editor\" data-id=\"2330fad3\" data-element_type=\"widget\" data-widget_type=\"text-editor.default\">\n\t\t\t\t<div class=\"elementor-widget-container\">\n\t\t\t\t\t\t\t\t\t<p style=\"font-weight: 400;\">La Alcald\u00eda Distrital a trav\u00e9s de la Empresa de Desarrollo y Renovaci\u00f3n Urbano Sostenible, EDUS, iniciar\u00e1 en los pr\u00f3ximos d\u00edas la intervenci\u00f3n de la placa de pavimento que se encuentra en estado cr\u00edtico en la avenida del Ferrocarril con calle 26A en cercan\u00edas del Sena.\u00a0<\/p><p style=\"font-weight: 400;\">La obra empezar\u00e1 en los primeros d\u00edas del mes de septiembre, en donde ser\u00e1n reemplazados 53 m2 de pavimento, dando soluci\u00f3n al mejoramiento de la movilidad vehicular en esta importante arteria que comunica la zona sur de la ciudad con el centro.\u00a0<\/p><p style=\"font-weight: 400;\">Estos trabajos hacen parte del ambicioso Plan de Reposici\u00f3n de Placas que se adelanta en la ciudad y liderada por la alcaldesa Virna Johnson, con el fin de acabar con los huecos y evitar que se contin\u00faen presentando traumatismos en las v\u00edas y avenidas de Santa Marta.\u00a0<\/p><p style=\"font-weight: 400;\">Ante estas acciones, la EDUS le hace un llamado a la comunidad, debido que se estar\u00e1 realizando el cerramiento pertinente para poder intervenir la zona afectada, por lo cual se pueden presentar algunas molestias a los actores viales que frecuentan esta avenida.\u00a0<\/p><p style=\"font-weight: 400;\">Cabe recordar que desde la Administraci\u00f3n Distrital se llevaron a cabo reemplazos de pavimento en la avenida del Libertador, la calle 22, la urbanizaci\u00f3n Riascos y los barrios Bavaria, Obrero, Pesca\u00edto, Mar\u00eda Eugenia, Gaira, avenida del R\u00edo, carrera cuarta, ingreso al hotel Zuana, v\u00eda de ingreso al aeropuerto Sim\u00f3n Bol\u00edvar.\u00a0<\/p><p style=\"font-weight: 400;\">En El Rodadero tambi\u00e9n se llev\u00f3 a cabo el reemplazo total de placas de concreto en 54 puntos, entre los que se destacan la carrera 4 entre calles 7 y 10 y la carrera 3 entre calles 5 y 10.\u00a0<\/p><p style=\"font-weight: 400;\">Desde la Alcald\u00eda Distrital, los Gobiernos del Cambio contin\u00faan avanzando en la transformaci\u00f3n de la movilidad en Santa Marta rumbo a los 500 a\u00f1os para que el cambio siga imparable.<\/p>\t\t\t\t\t\t\t\t<\/div>\n\t\t\t\t<\/div>\n\t\t\t\t\t<\/div>\n\t\t<\/div>\n\t\t\t\t\t<\/div>\n\t\t<\/section>\n\t\t\t\t<section class=\"elementor-section elementor-top-section elementor-element elementor-element-c0d47f5 elementor-section-full_width elementor-section-stretched elementor-section-height-default elementor-section-height-default\" data-id=\"c0d47f5\" data-element_type=\"section\" data-settings=\"{&quot;stretch_section&quot;:&quot;section-stretched&quot;}\">\n\t\t\t\t\t\t\t<div class=\"elementor-background-overlay\"><\/div>\n\t\t\t\t\t\t\t<div class=\"elementor-container elementor-column-gap-default\">\n\t\t\t\t\t<div class=\"elementor-column elementor-col-100 elementor-top-column elementor-element elementor-element-b3f40b9\" data-id=\"b3f40b9\" data-element_type=\"column\">\n\t\t\t<div class=\"elementor-widget-wrap elementor-element-populated\">\n\t\t\t\t\t\t<div class=\"elementor-element elementor-element-939a1e2 elementor-widget elementor-widget-heading\" data-id=\"939a1e2\" data-element_type=\"widget\" data-widget_type=\"heading.default\">\n\t\t\t\t<div class=\"elementor-widget-container\">\n\t\t\t\t\t<h3 class=\"elementor-heading-title elementor-size-default\">\u00daltimas Noticias<\/h3>\t\t\t\t<\/div>\n\t\t\t\t<\/div>\n\t\t\t\t\t<\/div>\n\t\t<\/div>\n\t\t\t\t\t<\/div>\n\t\t<\/section>\n\t\t\t\t<\/div>","protected":false},"excerpt":{"rendered":"<p>La Alcald\u00eda Distrital a trav\u00e9s de la Empresa de Desarrollo y Renovaci\u00f3n Urbano Sostenible, EDUS, iniciar\u00e1 en los pr\u00f3ximos d\u00edas la intervenci\u00f3n de la placa de pavimento que se encuentra en estado cr\u00edtico en la avenida del Ferrocarril con calle 26A en cercan\u00edas del Sena.\u00a0 La obra empezar\u00e1 en los primeros d\u00edas del mes de [&hellip;]<\/p>","protected":false},"author":17,"featured_media":10169,"comment_status":"closed","ping_status":"closed","sticky":false,"template":"","format":"standard","meta":{"site-sidebar-layout":"default","site-content-layout":"","ast-site-content-layout":"default","site-content-style":"default","site-sidebar-style":"default","ast-global-header-display":"","ast-banner-title-visibility":"","ast-main-header-display":"","ast-hfb-above-header-display":"","ast-hfb-below-header-display":"","ast-hfb-mobile-header-display":"","site-post-title":"","ast-breadcrumbs-content":"","ast-featured-img":"","footer-sml-layout":"","ast-disable-related-posts":"","theme-transparent-header-meta":"","adv-header-id-meta":"","stick-header-meta":"","header-above-stick-meta":"","header-main-stick-meta":"","header-below-stick-meta":"","astra-migrate-meta-layouts":"default","ast-page-background-enabled":"default","ast-page-background-meta":{"desktop":{"background-color":"var(--ast-global-color-4)","background-image":"","background-repeat":"repeat","background-position":"center center","background-size":"auto","background-attachment":"scroll","background-type":"","background-media":"","overlay-type":"","overlay-color":"","overlay-opacity":"","overlay-gradient":""},"tablet":{"background-color":"","background-image":"","background-repeat":"repeat","background-position":"center center","background-size":"auto","background-attachment":"scroll","background-type":"","background-media":"","overlay-type":"","overlay-color":"","overlay-opacity":"","overlay-gradient":""},"mobile":{"background-color":"","background-image":"","background-repeat":"repeat","background-position":"center center","background-size":"auto","background-attachment":"scroll","background-type":"","background-media":"","overlay-type":"","overlay-color":"","overlay-opacity":"","overlay-gradient":""}},"ast-content-background-meta":{"desktop":{"background-color":"var(--ast-global-color-5)","background-image":"","background-repeat":"repeat","background-position":"center center","background-size":"auto","background-attachment":"scroll","background-type":"","background-media":"","overlay-type":"","overlay-color":"","overlay-opacity":"","overlay-gradient":""},"tablet":{"background-color":"var(--ast-global-color-5)","background-image":"","background-repeat":"repeat","background-position":"center center","background-size":"auto","background-attachment":"scroll","background-type":"","background-media":"","overlay-type":"","overlay-color":"","overlay-opacity":"","overlay-gradient":""},"mobile":{"background-color":"var(--ast-global-color-5)","background-image":"","background-repeat":"repeat","background-position":"center center","background-size":"auto","background-attachment":"scroll","background-type":"","background-media":"","overlay-type":"","overlay-color":"","overlay-opacity":"","overlay-gradient":""}},"footnotes":""},"categories":[53],"tags":[],"class_list":["post-10168","post","type-post","status-publish","format-standard","has-post-thumbnail","hentry","category-ultimas-noticias"],"_links":{"self":[{"href":"https:\/\/edus.gov.co\/en\/wp-json\/wp\/v2\/posts\/10168","targetHints":{"allow":["GET"]}}],"collection":[{"href":"https:\/\/edus.gov.co\/en\/wp-json\/wp\/v2\/posts"}],"about":[{"href":"https:\/\/edus.gov.co\/en\/wp-json\/wp\/v2\/types\/post"}],"author":[{"embeddable":true,"href":"https:\/\/edus.gov.co\/en\/wp-json\/wp\/v2\/users\/17"}],"replies":[{"embeddable":true,"href":"https:\/\/edus.gov.co\/en\/wp-json\/wp\/v2\/comments?post=10168"}],"version-history":[{"count":4,"href":"https:\/\/edus.gov.co\/en\/wp-json\/wp\/v2\/posts\/10168\/revisions"}],"predecessor-version":[{"id":10174,"href":"https:\/\/edus.gov.co\/en\/wp-json\/wp\/v2\/posts\/10168\/revisions\/10174"}],"wp:featuredmedia":[{"embeddable":true,"href":"https:\/\/edus.gov.co\/en\/wp-json\/wp\/v2\/media\/10169"}],"wp:attachment":[{"href":"https:\/\/edus.gov.co\/en\/wp-json\/wp\/v2\/media?parent=10168"}],"wp:term":[{"taxonomy":"category","embeddable":true,"href":"https:\/\/edus.gov.co\/en\/wp-json\/wp\/v2\/categories?post=10168"},{"taxonomy":"post_tag","embeddable":true,"href":"https:\/\/edus.gov.co\/en\/wp-json\/wp\/v2\/tags?post=10168"}],"curies":[{"name":"wp","href":"https:\/\/api.w.org\/{rel}","templated":true}]}}