{"id":10162,"date":"2023-08-27T14:41:00","date_gmt":"2023-08-27T14:41:00","guid":{"rendered":"https:\/\/edus.gov.co\/?p=10162"},"modified":"2023-11-01T14:44:25","modified_gmt":"2023-11-01T14:44:25","slug":"alcaldia-distrital-ha-sembrado-683-plantas-ornamentales-en-las-jardineras-de-las-principales-avenidas","status":"publish","type":"post","link":"https:\/\/edus.gov.co\/en\/alcaldia-distrital-ha-sembrado-683-plantas-ornamentales-en-las-jardineras-de-las-principales-avenidas\/","title":{"rendered":"Alcald\u00eda Distrital ha sembrado 683 plantas ornamentales en las jardineras de las principales avenidas\u00a0\u00a0"},"content":{"rendered":"<div data-elementor-type=\"wp-post\" data-elementor-id=\"10162\" class=\"elementor elementor-10162\" data-elementor-post-type=\"post\">\n\t\t\t\t\t\t<section class=\"elementor-section elementor-top-section elementor-element elementor-element-687bb192 elementor-section-boxed elementor-section-height-default elementor-section-height-default\" data-id=\"687bb192\" data-element_type=\"section\">\n\t\t\t\t\t\t<div class=\"elementor-container elementor-column-gap-default\">\n\t\t\t\t\t<div class=\"elementor-column elementor-col-100 elementor-top-column elementor-element elementor-element-4f30bfab\" data-id=\"4f30bfab\" data-element_type=\"column\">\n\t\t\t<div class=\"elementor-widget-wrap elementor-element-populated\">\n\t\t\t\t\t\t<div class=\"elementor-element elementor-element-2330fad3 elementor-widget elementor-widget-text-editor\" data-id=\"2330fad3\" data-element_type=\"widget\" data-widget_type=\"text-editor.default\">\n\t\t\t\t<div class=\"elementor-widget-container\">\n\t\t\t\t\t\t\t\t\t<p style=\"font-weight: 400;\">La Alcald\u00eda Distrital, liderada por la alcaldesa Virna Johnson, contin\u00faa con las acciones de adecuaci\u00f3n de las jardineras ubicadas en los separadores de las principales avenidas de la ciudad.\u00a0\u00a0<\/p><p style=\"font-weight: 400;\">La iniciativa hace parte de una serie de actividades que tienen como objetivo principal la limpieza, cuidado y embellecimiento de Santa Marta, para que sea una ciudad verde y amigable con el medio ambiente.\u00a0<\/p><p style=\"font-weight: 400;\">Es as\u00ed, como a trav\u00e9s de la Empresa de Desarrollo y Renovaci\u00f3n Urbano Sostenible, EDUS, se han sembrado 683 plantas ornamentales, en labores que desde hace algunas semanas se est\u00e1n llevan a cabo en toda ciudad.\u00a0<\/p><p style=\"font-weight: 400;\">\u201cSe tiene previsto adelantar actividades durante varios d\u00edas, para lo cual, se ha trazado un cronograma de actividades con el equipo operativo que se encuentra realizando estas tareas en las avenidas del Libertador, Santa Rita, Ferrocarril, avenida de los Estudiantes, entre otras\u201d, indic\u00f3, el gerente de la EDUS, Francisco Garc\u00eda Renter\u00eda.\u00a0<\/p><p style=\"font-weight: 400;\">Adem\u00e1s del embellecimiento, tambi\u00e9n se encuentra un compromiso ambiental que es disminuir el impacto que tiene el CO2 que genera el tr\u00e1fico vehicular, limpiando el aire que todos respiramos.\u00a0\u00a0<\/p><p style=\"font-weight: 400;\">Estos trabajos se suman a la recuperaci\u00f3n de m\u00e1s de 34 jardineras que se encontraban en mal estado en distintos separadores de la ciudad y que en la actualidad lucen reformadas.\u00a0<\/p><p style=\"font-weight: 400;\">La invitaci\u00f3n es para la comunidad a que se convierta en guardianes de las jardineras, tengan sentido de pertenencia y cultura ciudadana, con el fin de que cuiden y preserven las plantas, y no permitan que sean da\u00f1adas o hurtadas para que contin\u00faen aportando belleza y calidad ambiental al espacio p\u00fablico.\u00a0<\/p>\t\t\t\t\t\t\t\t<\/div>\n\t\t\t\t<\/div>\n\t\t\t\t\t<\/div>\n\t\t<\/div>\n\t\t\t\t\t<\/div>\n\t\t<\/section>\n\t\t\t\t<section class=\"elementor-section elementor-top-section elementor-element elementor-element-c0d47f5 elementor-section-full_width elementor-section-stretched elementor-section-height-default elementor-section-height-default\" data-id=\"c0d47f5\" data-element_type=\"section\" data-settings=\"{&quot;stretch_section&quot;:&quot;section-stretched&quot;}\">\n\t\t\t\t\t\t\t<div class=\"elementor-background-overlay\"><\/div>\n\t\t\t\t\t\t\t<div class=\"elementor-container elementor-column-gap-default\">\n\t\t\t\t\t<div class=\"elementor-column elementor-col-100 elementor-top-column elementor-element elementor-element-b3f40b9\" data-id=\"b3f40b9\" data-element_type=\"column\">\n\t\t\t<div class=\"elementor-widget-wrap elementor-element-populated\">\n\t\t\t\t\t\t<div class=\"elementor-element elementor-element-939a1e2 elementor-widget elementor-widget-heading\" data-id=\"939a1e2\" data-element_type=\"widget\" data-widget_type=\"heading.default\">\n\t\t\t\t<div class=\"elementor-widget-container\">\n\t\t\t\t\t<h3 class=\"elementor-heading-title elementor-size-default\">\u00daltimas Noticias<\/h3>\t\t\t\t<\/div>\n\t\t\t\t<\/div>\n\t\t\t\t\t<\/div>\n\t\t<\/div>\n\t\t\t\t\t<\/div>\n\t\t<\/section>\n\t\t\t\t<\/div>","protected":false},"excerpt":{"rendered":"<p>La Alcald\u00eda Distrital, liderada por la alcaldesa Virna Johnson, contin\u00faa con las acciones de adecuaci\u00f3n de las jardineras ubicadas en los separadores de las principales avenidas de la ciudad.\u00a0\u00a0 La iniciativa hace parte de una serie de actividades que tienen como objetivo principal la limpieza, cuidado y embellecimiento de Santa Marta, para que sea una [&hellip;]<\/p>","protected":false},"author":17,"featured_media":10163,"comment_status":"closed","ping_status":"closed","sticky":false,"template":"","format":"standard","meta":{"site-sidebar-layout":"default","site-content-layout":"","ast-site-content-layout":"default","site-content-style":"default","site-sidebar-style":"default","ast-global-header-display":"","ast-banner-title-visibility":"","ast-main-header-display":"","ast-hfb-above-header-display":"","ast-hfb-below-header-display":"","ast-hfb-mobile-header-display":"","site-post-title":"","ast-breadcrumbs-content":"","ast-featured-img":"","footer-sml-layout":"","ast-disable-related-posts":"","theme-transparent-header-meta":"","adv-header-id-meta":"","stick-header-meta":"","header-above-stick-meta":"","header-main-stick-meta":"","header-below-stick-meta":"","astra-migrate-meta-layouts":"default","ast-page-background-enabled":"default","ast-page-background-meta":{"desktop":{"background-color":"var(--ast-global-color-4)","background-image":"","background-repeat":"repeat","background-position":"center center","background-size":"auto","background-attachment":"scroll","background-type":"","background-media":"","overlay-type":"","overlay-color":"","overlay-opacity":"","overlay-gradient":""},"tablet":{"background-color":"","background-image":"","background-repeat":"repeat","background-position":"center center","background-size":"auto","background-attachment":"scroll","background-type":"","background-media":"","overlay-type":"","overlay-color":"","overlay-opacity":"","overlay-gradient":""},"mobile":{"background-color":"","background-image":"","background-repeat":"repeat","background-position":"center center","background-size":"auto","background-attachment":"scroll","background-type":"","background-media":"","overlay-type":"","overlay-color":"","overlay-opacity":"","overlay-gradient":""}},"ast-content-background-meta":{"desktop":{"background-color":"var(--ast-global-color-5)","background-image":"","background-repeat":"repeat","background-position":"center center","background-size":"auto","background-attachment":"scroll","background-type":"","background-media":"","overlay-type":"","overlay-color":"","overlay-opacity":"","overlay-gradient":""},"tablet":{"background-color":"var(--ast-global-color-5)","background-image":"","background-repeat":"repeat","background-position":"center center","background-size":"auto","background-attachment":"scroll","background-type":"","background-media":"","overlay-type":"","overlay-color":"","overlay-opacity":"","overlay-gradient":""},"mobile":{"background-color":"var(--ast-global-color-5)","background-image":"","background-repeat":"repeat","background-position":"center center","background-size":"auto","background-attachment":"scroll","background-type":"","background-media":"","overlay-type":"","overlay-color":"","overlay-opacity":"","overlay-gradient":""}},"footnotes":""},"categories":[53],"tags":[],"class_list":["post-10162","post","type-post","status-publish","format-standard","has-post-thumbnail","hentry","category-ultimas-noticias"],"_links":{"self":[{"href":"https:\/\/edus.gov.co\/en\/wp-json\/wp\/v2\/posts\/10162","targetHints":{"allow":["GET"]}}],"collection":[{"href":"https:\/\/edus.gov.co\/en\/wp-json\/wp\/v2\/posts"}],"about":[{"href":"https:\/\/edus.gov.co\/en\/wp-json\/wp\/v2\/types\/post"}],"author":[{"embeddable":true,"href":"https:\/\/edus.gov.co\/en\/wp-json\/wp\/v2\/users\/17"}],"replies":[{"embeddable":true,"href":"https:\/\/edus.gov.co\/en\/wp-json\/wp\/v2\/comments?post=10162"}],"version-history":[{"count":4,"href":"https:\/\/edus.gov.co\/en\/wp-json\/wp\/v2\/posts\/10162\/revisions"}],"predecessor-version":[{"id":10167,"href":"https:\/\/edus.gov.co\/en\/wp-json\/wp\/v2\/posts\/10162\/revisions\/10167"}],"wp:featuredmedia":[{"embeddable":true,"href":"https:\/\/edus.gov.co\/en\/wp-json\/wp\/v2\/media\/10163"}],"wp:attachment":[{"href":"https:\/\/edus.gov.co\/en\/wp-json\/wp\/v2\/media?parent=10162"}],"wp:term":[{"taxonomy":"category","embeddable":true,"href":"https:\/\/edus.gov.co\/en\/wp-json\/wp\/v2\/categories?post=10162"},{"taxonomy":"post_tag","embeddable":true,"href":"https:\/\/edus.gov.co\/en\/wp-json\/wp\/v2\/tags?post=10162"}],"curies":[{"name":"wp","href":"https:\/\/api.w.org\/{rel}","templated":true}]}}