{"id":10068,"date":"2023-08-02T20:49:50","date_gmt":"2023-08-02T20:49:50","guid":{"rendered":"https:\/\/edus.gov.co\/?p=10068"},"modified":"2023-08-10T20:52:27","modified_gmt":"2023-08-10T20:52:27","slug":"alcaldia-continua-con-el-plan-de-reposicion-de-placas-en-la-avenida-del-libertador","status":"publish","type":"post","link":"https:\/\/edus.gov.co\/en\/alcaldia-continua-con-el-plan-de-reposicion-de-placas-en-la-avenida-del-libertador\/","title":{"rendered":"Alcald\u00eda contin\u00faa con el plan de reposici\u00f3n de placas en la avenida del Libertador\u00a0"},"content":{"rendered":"<div data-elementor-type=\"wp-post\" data-elementor-id=\"10068\" class=\"elementor elementor-10068\" data-elementor-post-type=\"post\">\n\t\t\t\t\t\t<section class=\"elementor-section elementor-top-section elementor-element elementor-element-687bb192 elementor-section-boxed elementor-section-height-default elementor-section-height-default\" data-id=\"687bb192\" data-element_type=\"section\">\n\t\t\t\t\t\t<div class=\"elementor-container elementor-column-gap-default\">\n\t\t\t\t\t<div class=\"elementor-column elementor-col-100 elementor-top-column elementor-element elementor-element-4f30bfab\" data-id=\"4f30bfab\" data-element_type=\"column\">\n\t\t\t<div class=\"elementor-widget-wrap elementor-element-populated\">\n\t\t\t\t\t\t<div class=\"elementor-element elementor-element-2330fad3 elementor-widget elementor-widget-text-editor\" data-id=\"2330fad3\" data-element_type=\"widget\" data-widget_type=\"text-editor.default\">\n\t\t\t\t<div class=\"elementor-widget-container\">\n\t\t\t\t\t\t\t\t\t<p style=\"font-weight: 400;\">En cinco nuevos puntos de la avenida del Libertador se iniciaron las obras de reposici\u00f3n de placas, dando continuidad al programa que lidera la Alcald\u00eda Distrital y que se ejecutan a trav\u00e9s de la Empresa de Desarrollo y Renovaci\u00f3n Urbano Sostenible, EDUS.\u00a0<\/p><p style=\"font-weight: 400;\">Las acciones contemplan la intervenci\u00f3n de\u00a0\u00a060 m2 de placas que se encuentran en mal estado, las cuales ser\u00e1n retiradas y reemplazadas por pavimento r\u00edgido; beneficiando de esta manera a la comunidad samaria que cotidianamente por esta v\u00eda.\u00a0<\/p><p style=\"font-weight: 400;\">&#8220;Seguimos mejorando la malla vial de Santa Marta con el programa de reposici\u00f3n de placas, dando soluci\u00f3n a los tramos cr\u00edticos de v\u00edas para beneficio de los samarios, d\u00e1ndole fin al problema de los huecos en calles y avenidas, una tarea que se viene ejecutando desde la EDUS&#8221;, dijo el gerente de la entidad, Francisco Garc\u00eda Renter\u00eda.\u00a0<\/p><p style=\"font-weight: 400;\">Cabe recordar que desde la Administraci\u00f3n Distrital se llevaron a cabo reemplazos de pavimento en la avenida del Libertador, la calle 22, la urbanizaci\u00f3n Riascos y los barrios Bavaria, Obrero, Pesca\u00edto, Mar\u00eda Eugenia, Gaira, avenida del R\u00edo, carrera cuarta, ingreso al hotel Zuana, v\u00eda de ingreso al aeropuerto Sim\u00f3n Bol\u00edvar.\u00a0<\/p><p style=\"font-weight: 400;\">En El Rodadero tambi\u00e9n se llev\u00f3 a cabo el reemplazo total de placas de concreto en 54 puntos, entre los que se destacan la carrera 4 entre calles 7 y 10 y la carrera 3 entre calles 5 y 10.\u00a0<\/p><p style=\"font-weight: 400;\">Con el programa de reposici\u00f3n de placas en concreto r\u00edgido se avanza en la transformaci\u00f3n de v\u00edas, beneficiando la movilidad en Santa Marta, enmarcado en el Plan de Desarrollo Santa Marta Coraz\u00f3n del Cambio.\u00a0<\/p>\t\t\t\t\t\t\t\t<\/div>\n\t\t\t\t<\/div>\n\t\t\t\t\t<\/div>\n\t\t<\/div>\n\t\t\t\t\t<\/div>\n\t\t<\/section>\n\t\t\t\t<section class=\"elementor-section elementor-top-section elementor-element elementor-element-c0d47f5 elementor-section-full_width elementor-section-stretched elementor-section-height-default elementor-section-height-default\" data-id=\"c0d47f5\" data-element_type=\"section\" data-settings=\"{&quot;stretch_section&quot;:&quot;section-stretched&quot;}\">\n\t\t\t\t\t\t\t<div class=\"elementor-background-overlay\"><\/div>\n\t\t\t\t\t\t\t<div class=\"elementor-container elementor-column-gap-default\">\n\t\t\t\t\t<div class=\"elementor-column elementor-col-100 elementor-top-column elementor-element elementor-element-b3f40b9\" data-id=\"b3f40b9\" data-element_type=\"column\">\n\t\t\t<div class=\"elementor-widget-wrap elementor-element-populated\">\n\t\t\t\t\t\t<div class=\"elementor-element elementor-element-939a1e2 elementor-widget elementor-widget-heading\" data-id=\"939a1e2\" data-element_type=\"widget\" data-widget_type=\"heading.default\">\n\t\t\t\t<div class=\"elementor-widget-container\">\n\t\t\t\t\t<h3 class=\"elementor-heading-title elementor-size-default\">\u00daltimas Noticias<\/h3>\t\t\t\t<\/div>\n\t\t\t\t<\/div>\n\t\t\t\t\t<\/div>\n\t\t<\/div>\n\t\t\t\t\t<\/div>\n\t\t<\/section>\n\t\t\t\t<\/div>","protected":false},"excerpt":{"rendered":"<p>En cinco nuevos puntos de la avenida del Libertador se iniciaron las obras de reposici\u00f3n de placas, dando continuidad al programa que lidera la Alcald\u00eda Distrital y que se ejecutan a trav\u00e9s de la Empresa de Desarrollo y Renovaci\u00f3n Urbano Sostenible, EDUS.\u00a0 Las acciones contemplan la intervenci\u00f3n de\u00a0\u00a060 m2 de placas que se encuentran en [&hellip;]<\/p>","protected":false},"author":17,"featured_media":10069,"comment_status":"closed","ping_status":"closed","sticky":false,"template":"","format":"standard","meta":{"site-sidebar-layout":"default","site-content-layout":"","ast-site-content-layout":"default","site-content-style":"default","site-sidebar-style":"default","ast-global-header-display":"","ast-banner-title-visibility":"","ast-main-header-display":"","ast-hfb-above-header-display":"","ast-hfb-below-header-display":"","ast-hfb-mobile-header-display":"","site-post-title":"","ast-breadcrumbs-content":"","ast-featured-img":"","footer-sml-layout":"","ast-disable-related-posts":"","theme-transparent-header-meta":"","adv-header-id-meta":"","stick-header-meta":"","header-above-stick-meta":"","header-main-stick-meta":"","header-below-stick-meta":"","astra-migrate-meta-layouts":"default","ast-page-background-enabled":"default","ast-page-background-meta":{"desktop":{"background-color":"var(--ast-global-color-4)","background-image":"","background-repeat":"repeat","background-position":"center center","background-size":"auto","background-attachment":"scroll","background-type":"","background-media":"","overlay-type":"","overlay-color":"","overlay-opacity":"","overlay-gradient":""},"tablet":{"background-color":"","background-image":"","background-repeat":"repeat","background-position":"center center","background-size":"auto","background-attachment":"scroll","background-type":"","background-media":"","overlay-type":"","overlay-color":"","overlay-opacity":"","overlay-gradient":""},"mobile":{"background-color":"","background-image":"","background-repeat":"repeat","background-position":"center center","background-size":"auto","background-attachment":"scroll","background-type":"","background-media":"","overlay-type":"","overlay-color":"","overlay-opacity":"","overlay-gradient":""}},"ast-content-background-meta":{"desktop":{"background-color":"var(--ast-global-color-5)","background-image":"","background-repeat":"repeat","background-position":"center center","background-size":"auto","background-attachment":"scroll","background-type":"","background-media":"","overlay-type":"","overlay-color":"","overlay-opacity":"","overlay-gradient":""},"tablet":{"background-color":"var(--ast-global-color-5)","background-image":"","background-repeat":"repeat","background-position":"center center","background-size":"auto","background-attachment":"scroll","background-type":"","background-media":"","overlay-type":"","overlay-color":"","overlay-opacity":"","overlay-gradient":""},"mobile":{"background-color":"var(--ast-global-color-5)","background-image":"","background-repeat":"repeat","background-position":"center center","background-size":"auto","background-attachment":"scroll","background-type":"","background-media":"","overlay-type":"","overlay-color":"","overlay-opacity":"","overlay-gradient":""}},"footnotes":""},"categories":[53],"tags":[],"class_list":["post-10068","post","type-post","status-publish","format-standard","has-post-thumbnail","hentry","category-ultimas-noticias"],"_links":{"self":[{"href":"https:\/\/edus.gov.co\/en\/wp-json\/wp\/v2\/posts\/10068","targetHints":{"allow":["GET"]}}],"collection":[{"href":"https:\/\/edus.gov.co\/en\/wp-json\/wp\/v2\/posts"}],"about":[{"href":"https:\/\/edus.gov.co\/en\/wp-json\/wp\/v2\/types\/post"}],"author":[{"embeddable":true,"href":"https:\/\/edus.gov.co\/en\/wp-json\/wp\/v2\/users\/17"}],"replies":[{"embeddable":true,"href":"https:\/\/edus.gov.co\/en\/wp-json\/wp\/v2\/comments?post=10068"}],"version-history":[{"count":4,"href":"https:\/\/edus.gov.co\/en\/wp-json\/wp\/v2\/posts\/10068\/revisions"}],"predecessor-version":[{"id":10073,"href":"https:\/\/edus.gov.co\/en\/wp-json\/wp\/v2\/posts\/10068\/revisions\/10073"}],"wp:featuredmedia":[{"embeddable":true,"href":"https:\/\/edus.gov.co\/en\/wp-json\/wp\/v2\/media\/10069"}],"wp:attachment":[{"href":"https:\/\/edus.gov.co\/en\/wp-json\/wp\/v2\/media?parent=10068"}],"wp:term":[{"taxonomy":"category","embeddable":true,"href":"https:\/\/edus.gov.co\/en\/wp-json\/wp\/v2\/categories?post=10068"},{"taxonomy":"post_tag","embeddable":true,"href":"https:\/\/edus.gov.co\/en\/wp-json\/wp\/v2\/tags?post=10068"}],"curies":[{"name":"wp","href":"https:\/\/api.w.org\/{rel}","templated":true}]}}