{"id":10055,"date":"2023-07-25T21:26:00","date_gmt":"2023-07-25T21:26:00","guid":{"rendered":"https:\/\/edus.gov.co\/?p=10055"},"modified":"2023-08-09T21:30:30","modified_gmt":"2023-08-09T21:30:30","slug":"alcaldia-distrital-habilita-primer-tramo-de-la-via-bonda-el-curval","status":"publish","type":"post","link":"https:\/\/edus.gov.co\/en\/alcaldia-distrital-habilita-primer-tramo-de-la-via-bonda-el-curval\/","title":{"rendered":"Alcald\u00eda Distrital habilita primer tramo de la v\u00eda Bonda \u2013 El Curval\u00a0"},"content":{"rendered":"<div data-elementor-type=\"wp-post\" data-elementor-id=\"10055\" class=\"elementor elementor-10055\" data-elementor-post-type=\"post\">\n\t\t\t\t\t\t<section class=\"elementor-section elementor-top-section elementor-element elementor-element-687bb192 elementor-section-boxed elementor-section-height-default elementor-section-height-default\" data-id=\"687bb192\" data-element_type=\"section\">\n\t\t\t\t\t\t<div class=\"elementor-container elementor-column-gap-default\">\n\t\t\t\t\t<div class=\"elementor-column elementor-col-100 elementor-top-column elementor-element elementor-element-4f30bfab\" data-id=\"4f30bfab\" data-element_type=\"column\">\n\t\t\t<div class=\"elementor-widget-wrap elementor-element-populated\">\n\t\t\t\t\t\t<div class=\"elementor-element elementor-element-2330fad3 elementor-widget elementor-widget-text-editor\" data-id=\"2330fad3\" data-element_type=\"widget\" data-widget_type=\"text-editor.default\">\n\t\t\t\t<div class=\"elementor-widget-container\">\n\t\t\t\t\t\t\t\t\t<p style=\"font-weight: 400;\"><em>Son 3.906 m2 de v\u00eda que ser\u00e1 habilitada para el uso de transporte p\u00fablico y particular. La obra presenta un avance del 67%.\u00a0<\/em><\/p><p style=\"font-weight: 400;\">La Alcald\u00eda Distrital, a trav\u00e9s de la Empresa de Desarrollo y Renovaci\u00f3n Urbano Sostenible,\u00a0habilitar\u00e1 a partir del 25 de julio, el primer tramo de la v\u00eda Bonda \u2013 El Curval, cuyas obras de mejoramiento fueron culminadas.\u00a0<\/p><p style=\"font-weight: 400;\">Con la apertura de este tramo, que comprende desde la Estaci\u00f3n de Polic\u00eda hasta la IED Bonda, se mejora visiblemente la movilidad de veh\u00edculos particulares y de servicio de transporte urbano hacia El Curval y veredas aleda\u00f1as\u00a0<\/p><p style=\"font-weight: 400;\">\u201cSon 620 metros lineales de v\u00eda que fueron construidos en pavimento r\u00edgido que se colocan al servicio de la comunidad, con el objetivo que puedan transitar con tranquilidad y de los turistas que puedan disfrutar de las bondades naturales que ofrece esta importante zona del Distrito\u201d, indic\u00f3 el gerente de la EDUS, Francisco Garc\u00eda Renter\u00eda.\u00a0<\/p><p style=\"font-weight: 400;\">El gerente indic\u00f3 adem\u00e1s que hasta el 26 de julio estar\u00e1n suspendidos los trabajos que se vienen realizando en dicha v\u00eda, con motivo de las celebraciones que se desarrollan en Bonda, y se retomar\u00e1n nuevamente el 27 de julio.\u00a0<\/p><p style=\"font-weight: 400;\">La obra cuenta con un avance del 67%, que hace referencia a 3.906 m2 en pavimento r\u00edgido, la construcci\u00f3n de 936 m2 de espacio p\u00fablico y 900 metros lineales de bordillo, que impacta positivamente en la movilidad hacia las zonas veredales del Distrito, dinamizando la econom\u00eda y mejorando la calidad de vida de sus habitantes.\u00a0<\/p><p style=\"font-weight: 400;\">Desde el Gobierno del Cambio contin\u00faa trabajando en la transformaci\u00f3n de la malla vial de Santa Marta de caras a la celebraci\u00f3n de los 500 a\u00f1os de la Ciudad.\u00a0<\/p>\t\t\t\t\t\t\t\t<\/div>\n\t\t\t\t<\/div>\n\t\t\t\t\t<\/div>\n\t\t<\/div>\n\t\t\t\t\t<\/div>\n\t\t<\/section>\n\t\t\t\t<section class=\"elementor-section elementor-top-section elementor-element elementor-element-c0d47f5 elementor-section-full_width elementor-section-stretched elementor-section-height-default elementor-section-height-default\" data-id=\"c0d47f5\" data-element_type=\"section\" data-settings=\"{&quot;stretch_section&quot;:&quot;section-stretched&quot;}\">\n\t\t\t\t\t\t\t<div class=\"elementor-background-overlay\"><\/div>\n\t\t\t\t\t\t\t<div class=\"elementor-container elementor-column-gap-default\">\n\t\t\t\t\t<div class=\"elementor-column elementor-col-100 elementor-top-column elementor-element elementor-element-b3f40b9\" data-id=\"b3f40b9\" data-element_type=\"column\">\n\t\t\t<div class=\"elementor-widget-wrap elementor-element-populated\">\n\t\t\t\t\t\t<div class=\"elementor-element elementor-element-939a1e2 elementor-widget elementor-widget-heading\" data-id=\"939a1e2\" data-element_type=\"widget\" data-widget_type=\"heading.default\">\n\t\t\t\t<div class=\"elementor-widget-container\">\n\t\t\t\t\t<h3 class=\"elementor-heading-title elementor-size-default\">\u00daltimas Noticias<\/h3>\t\t\t\t<\/div>\n\t\t\t\t<\/div>\n\t\t\t\t\t<\/div>\n\t\t<\/div>\n\t\t\t\t\t<\/div>\n\t\t<\/section>\n\t\t\t\t<\/div>","protected":false},"excerpt":{"rendered":"<p>Son 3.906 m2 de v\u00eda que ser\u00e1 habilitada para el uso de transporte p\u00fablico y particular. La obra presenta un avance del 67%.\u00a0 La Alcald\u00eda Distrital, a trav\u00e9s de la Empresa de Desarrollo y Renovaci\u00f3n Urbano Sostenible,\u00a0habilitar\u00e1 a partir del 25 de julio, el primer tramo de la v\u00eda Bonda \u2013 El Curval, cuyas obras [&hellip;]<\/p>","protected":false},"author":17,"featured_media":10056,"comment_status":"closed","ping_status":"closed","sticky":false,"template":"","format":"standard","meta":{"site-sidebar-layout":"default","site-content-layout":"","ast-site-content-layout":"default","site-content-style":"default","site-sidebar-style":"default","ast-global-header-display":"","ast-banner-title-visibility":"","ast-main-header-display":"","ast-hfb-above-header-display":"","ast-hfb-below-header-display":"","ast-hfb-mobile-header-display":"","site-post-title":"","ast-breadcrumbs-content":"","ast-featured-img":"","footer-sml-layout":"","ast-disable-related-posts":"","theme-transparent-header-meta":"","adv-header-id-meta":"","stick-header-meta":"","header-above-stick-meta":"","header-main-stick-meta":"","header-below-stick-meta":"","astra-migrate-meta-layouts":"default","ast-page-background-enabled":"default","ast-page-background-meta":{"desktop":{"background-color":"var(--ast-global-color-4)","background-image":"","background-repeat":"repeat","background-position":"center center","background-size":"auto","background-attachment":"scroll","background-type":"","background-media":"","overlay-type":"","overlay-color":"","overlay-opacity":"","overlay-gradient":""},"tablet":{"background-color":"","background-image":"","background-repeat":"repeat","background-position":"center center","background-size":"auto","background-attachment":"scroll","background-type":"","background-media":"","overlay-type":"","overlay-color":"","overlay-opacity":"","overlay-gradient":""},"mobile":{"background-color":"","background-image":"","background-repeat":"repeat","background-position":"center center","background-size":"auto","background-attachment":"scroll","background-type":"","background-media":"","overlay-type":"","overlay-color":"","overlay-opacity":"","overlay-gradient":""}},"ast-content-background-meta":{"desktop":{"background-color":"var(--ast-global-color-5)","background-image":"","background-repeat":"repeat","background-position":"center center","background-size":"auto","background-attachment":"scroll","background-type":"","background-media":"","overlay-type":"","overlay-color":"","overlay-opacity":"","overlay-gradient":""},"tablet":{"background-color":"var(--ast-global-color-5)","background-image":"","background-repeat":"repeat","background-position":"center center","background-size":"auto","background-attachment":"scroll","background-type":"","background-media":"","overlay-type":"","overlay-color":"","overlay-opacity":"","overlay-gradient":""},"mobile":{"background-color":"var(--ast-global-color-5)","background-image":"","background-repeat":"repeat","background-position":"center center","background-size":"auto","background-attachment":"scroll","background-type":"","background-media":"","overlay-type":"","overlay-color":"","overlay-opacity":"","overlay-gradient":""}},"footnotes":""},"categories":[53],"tags":[],"class_list":["post-10055","post","type-post","status-publish","format-standard","has-post-thumbnail","hentry","category-ultimas-noticias"],"_links":{"self":[{"href":"https:\/\/edus.gov.co\/en\/wp-json\/wp\/v2\/posts\/10055","targetHints":{"allow":["GET"]}}],"collection":[{"href":"https:\/\/edus.gov.co\/en\/wp-json\/wp\/v2\/posts"}],"about":[{"href":"https:\/\/edus.gov.co\/en\/wp-json\/wp\/v2\/types\/post"}],"author":[{"embeddable":true,"href":"https:\/\/edus.gov.co\/en\/wp-json\/wp\/v2\/users\/17"}],"replies":[{"embeddable":true,"href":"https:\/\/edus.gov.co\/en\/wp-json\/wp\/v2\/comments?post=10055"}],"version-history":[{"count":4,"href":"https:\/\/edus.gov.co\/en\/wp-json\/wp\/v2\/posts\/10055\/revisions"}],"predecessor-version":[{"id":10060,"href":"https:\/\/edus.gov.co\/en\/wp-json\/wp\/v2\/posts\/10055\/revisions\/10060"}],"wp:featuredmedia":[{"embeddable":true,"href":"https:\/\/edus.gov.co\/en\/wp-json\/wp\/v2\/media\/10056"}],"wp:attachment":[{"href":"https:\/\/edus.gov.co\/en\/wp-json\/wp\/v2\/media?parent=10055"}],"wp:term":[{"taxonomy":"category","embeddable":true,"href":"https:\/\/edus.gov.co\/en\/wp-json\/wp\/v2\/categories?post=10055"},{"taxonomy":"post_tag","embeddable":true,"href":"https:\/\/edus.gov.co\/en\/wp-json\/wp\/v2\/tags?post=10055"}],"curies":[{"name":"wp","href":"https:\/\/api.w.org\/{rel}","templated":true}]}}