{"id":10049,"date":"2023-07-17T21:19:00","date_gmt":"2023-07-17T21:19:00","guid":{"rendered":"https:\/\/edus.gov.co\/?p=10049"},"modified":"2023-08-09T21:22:38","modified_gmt":"2023-08-09T21:22:38","slug":"programa-mi-calle-inicia-etapa-de-pavimentacion-en-santa-fe","status":"publish","type":"post","link":"https:\/\/edus.gov.co\/en\/programa-mi-calle-inicia-etapa-de-pavimentacion-en-santa-fe\/","title":{"rendered":"Programa Mi Calle inicia etapa de pavimentaci\u00f3n en Santa Fe"},"content":{"rendered":"<div data-elementor-type=\"wp-post\" data-elementor-id=\"10049\" class=\"elementor elementor-10049\" data-elementor-post-type=\"post\">\n\t\t\t\t\t\t<section class=\"elementor-section elementor-top-section elementor-element elementor-element-687bb192 elementor-section-boxed elementor-section-height-default elementor-section-height-default\" data-id=\"687bb192\" data-element_type=\"section\">\n\t\t\t\t\t\t<div class=\"elementor-container elementor-column-gap-default\">\n\t\t\t\t\t<div class=\"elementor-column elementor-col-100 elementor-top-column elementor-element elementor-element-4f30bfab\" data-id=\"4f30bfab\" data-element_type=\"column\">\n\t\t\t<div class=\"elementor-widget-wrap elementor-element-populated\">\n\t\t\t\t\t\t<div class=\"elementor-element elementor-element-2330fad3 elementor-widget elementor-widget-text-editor\" data-id=\"2330fad3\" data-element_type=\"widget\" data-widget_type=\"text-editor.default\">\n\t\t\t\t<div class=\"elementor-widget-container\">\n\t\t\t\t\t\t\t\t\t<p style=\"font-weight: 400;\">Con la llegada del primer mixer se inici\u00f3 la etapa de pavimentaci\u00f3n en concreto r\u00edgido en el barrio Santa Fe, en donde se adelantan las obras del programa Mi Calle, que lidera la Alcald\u00eda Distrital, en cabeza de la alcaldesa Virna Johnson.\u00a0\u00a0<\/p><p style=\"font-weight: 400;\">Actualmente, la obra que adelanta la Empresa de Desarrollo y Renovaci\u00f3n Urbano Sostenible y beneficiar\u00e1 a m\u00e1s de 2 mil habitantes, lleva un avance del 28%, con el vaciado de 77 m2 de concreto,\u00a0\u00a0184 m2 de fluido, 308 metros lineales de tuber\u00eda para alcantarillado, 160 metros en acueducto,\u00a0\u00a025 acometidas domiciliarias y registros, al igual que 5 manholes.\u00a0<\/p><p style=\"font-weight: 400;\">&#8220;Gracias Alcaldesa por esta gesti\u00f3n que est\u00e1 haci\u00e9ndonos de pavimentarnos una de las v\u00edas principales que unen a los barrios Santa Fe y Miguel Pinedo&#8221;, coment\u00f3 Euclides Rafael Rodr\u00edguez, habitante del sector.\u00a0<\/p><p style=\"font-weight: 400;\">En tanto, Cindy Cuadrado, dijo que &#8220;muy agradecidos con la se\u00f1ora Alcaldesa, porque esto ac\u00e1 era un polvero horrible y ahora vamos a tener nuestra calle pavimentada&#8221;.\u00a0<\/p><p style=\"font-weight: 400;\">Este proyecto de Mi Calle, comprende la construcci\u00f3n en pavimento r\u00edgido de 580 m2 de v\u00eda, 202 m2 de espacio p\u00fablico, 230 metros lineales de tuber\u00eda de acueducto y 202 metros lineales de tuber\u00eda de alcantarillado.\u00a0<\/p><p style=\"font-weight: 400;\">Los trabajos se desarrollan en el tramo de la calle 16 entre carreras 39 y 43, y beneficiar\u00e1 igualmente a los sectores de La Estrella, Pantano, Santa Luc\u00eda, San Salvador, entre otros.\u00a0<\/p><p style=\"font-weight: 400;\">Mi Calle es uno de los programas bandera de los Gobiernos del Cambio, cuyo objetivo es dignificar los barrios de Santa Marta, visionado e iniciado durante la administraci\u00f3n de Carlos Caicedo, contin\u00fao Rafael Mart\u00ednez y contin\u00faa con la alcaldesa Virna Johnson, para mejorar la calidad de vida de los samarios.\u00a0<\/p><p style=\"font-weight: 400;\">Con la transformaci\u00f3n de la malla vial queda demostrado que el cambio en Santa Marta sigue imparable con el mejoramiento de las v\u00edas, la movilidad y la recuperaci\u00f3n de los espacios p\u00fablicos.\u00a0<\/p>\t\t\t\t\t\t\t\t<\/div>\n\t\t\t\t<\/div>\n\t\t\t\t\t<\/div>\n\t\t<\/div>\n\t\t\t\t\t<\/div>\n\t\t<\/section>\n\t\t\t\t<section class=\"elementor-section elementor-top-section elementor-element elementor-element-c0d47f5 elementor-section-full_width elementor-section-stretched elementor-section-height-default elementor-section-height-default\" data-id=\"c0d47f5\" data-element_type=\"section\" data-settings=\"{&quot;stretch_section&quot;:&quot;section-stretched&quot;}\">\n\t\t\t\t\t\t\t<div class=\"elementor-background-overlay\"><\/div>\n\t\t\t\t\t\t\t<div class=\"elementor-container elementor-column-gap-default\">\n\t\t\t\t\t<div class=\"elementor-column elementor-col-100 elementor-top-column elementor-element elementor-element-b3f40b9\" data-id=\"b3f40b9\" data-element_type=\"column\">\n\t\t\t<div class=\"elementor-widget-wrap elementor-element-populated\">\n\t\t\t\t\t\t<div class=\"elementor-element elementor-element-939a1e2 elementor-widget elementor-widget-heading\" data-id=\"939a1e2\" data-element_type=\"widget\" data-widget_type=\"heading.default\">\n\t\t\t\t<div class=\"elementor-widget-container\">\n\t\t\t\t\t<h3 class=\"elementor-heading-title elementor-size-default\">\u00daltimas Noticias<\/h3>\t\t\t\t<\/div>\n\t\t\t\t<\/div>\n\t\t\t\t\t<\/div>\n\t\t<\/div>\n\t\t\t\t\t<\/div>\n\t\t<\/section>\n\t\t\t\t<\/div>","protected":false},"excerpt":{"rendered":"<p>Con la llegada del primer mixer se inici\u00f3 la etapa de pavimentaci\u00f3n en concreto r\u00edgido en el barrio Santa Fe, en donde se adelantan las obras del programa Mi Calle, que lidera la Alcald\u00eda Distrital, en cabeza de la alcaldesa Virna Johnson.\u00a0\u00a0 Actualmente, la obra que adelanta la Empresa de Desarrollo y Renovaci\u00f3n Urbano Sostenible [&hellip;]<\/p>","protected":false},"author":17,"featured_media":10050,"comment_status":"closed","ping_status":"closed","sticky":false,"template":"","format":"standard","meta":{"site-sidebar-layout":"default","site-content-layout":"","ast-site-content-layout":"default","site-content-style":"default","site-sidebar-style":"default","ast-global-header-display":"","ast-banner-title-visibility":"","ast-main-header-display":"","ast-hfb-above-header-display":"","ast-hfb-below-header-display":"","ast-hfb-mobile-header-display":"","site-post-title":"","ast-breadcrumbs-content":"","ast-featured-img":"","footer-sml-layout":"","ast-disable-related-posts":"","theme-transparent-header-meta":"","adv-header-id-meta":"","stick-header-meta":"","header-above-stick-meta":"","header-main-stick-meta":"","header-below-stick-meta":"","astra-migrate-meta-layouts":"default","ast-page-background-enabled":"default","ast-page-background-meta":{"desktop":{"background-color":"var(--ast-global-color-4)","background-image":"","background-repeat":"repeat","background-position":"center center","background-size":"auto","background-attachment":"scroll","background-type":"","background-media":"","overlay-type":"","overlay-color":"","overlay-opacity":"","overlay-gradient":""},"tablet":{"background-color":"","background-image":"","background-repeat":"repeat","background-position":"center center","background-size":"auto","background-attachment":"scroll","background-type":"","background-media":"","overlay-type":"","overlay-color":"","overlay-opacity":"","overlay-gradient":""},"mobile":{"background-color":"","background-image":"","background-repeat":"repeat","background-position":"center center","background-size":"auto","background-attachment":"scroll","background-type":"","background-media":"","overlay-type":"","overlay-color":"","overlay-opacity":"","overlay-gradient":""}},"ast-content-background-meta":{"desktop":{"background-color":"var(--ast-global-color-5)","background-image":"","background-repeat":"repeat","background-position":"center center","background-size":"auto","background-attachment":"scroll","background-type":"","background-media":"","overlay-type":"","overlay-color":"","overlay-opacity":"","overlay-gradient":""},"tablet":{"background-color":"var(--ast-global-color-5)","background-image":"","background-repeat":"repeat","background-position":"center center","background-size":"auto","background-attachment":"scroll","background-type":"","background-media":"","overlay-type":"","overlay-color":"","overlay-opacity":"","overlay-gradient":""},"mobile":{"background-color":"var(--ast-global-color-5)","background-image":"","background-repeat":"repeat","background-position":"center center","background-size":"auto","background-attachment":"scroll","background-type":"","background-media":"","overlay-type":"","overlay-color":"","overlay-opacity":"","overlay-gradient":""}},"footnotes":""},"categories":[53],"tags":[],"class_list":["post-10049","post","type-post","status-publish","format-standard","has-post-thumbnail","hentry","category-ultimas-noticias"],"_links":{"self":[{"href":"https:\/\/edus.gov.co\/en\/wp-json\/wp\/v2\/posts\/10049","targetHints":{"allow":["GET"]}}],"collection":[{"href":"https:\/\/edus.gov.co\/en\/wp-json\/wp\/v2\/posts"}],"about":[{"href":"https:\/\/edus.gov.co\/en\/wp-json\/wp\/v2\/types\/post"}],"author":[{"embeddable":true,"href":"https:\/\/edus.gov.co\/en\/wp-json\/wp\/v2\/users\/17"}],"replies":[{"embeddable":true,"href":"https:\/\/edus.gov.co\/en\/wp-json\/wp\/v2\/comments?post=10049"}],"version-history":[{"count":4,"href":"https:\/\/edus.gov.co\/en\/wp-json\/wp\/v2\/posts\/10049\/revisions"}],"predecessor-version":[{"id":10054,"href":"https:\/\/edus.gov.co\/en\/wp-json\/wp\/v2\/posts\/10049\/revisions\/10054"}],"wp:featuredmedia":[{"embeddable":true,"href":"https:\/\/edus.gov.co\/en\/wp-json\/wp\/v2\/media\/10050"}],"wp:attachment":[{"href":"https:\/\/edus.gov.co\/en\/wp-json\/wp\/v2\/media?parent=10049"}],"wp:term":[{"taxonomy":"category","embeddable":true,"href":"https:\/\/edus.gov.co\/en\/wp-json\/wp\/v2\/categories?post=10049"},{"taxonomy":"post_tag","embeddable":true,"href":"https:\/\/edus.gov.co\/en\/wp-json\/wp\/v2\/tags?post=10049"}],"curies":[{"name":"wp","href":"https:\/\/api.w.org\/{rel}","templated":true}]}}