{"id":10018,"date":"2023-07-07T16:24:00","date_gmt":"2023-07-07T16:24:00","guid":{"rendered":"https:\/\/edus.gov.co\/?p=10018"},"modified":"2023-08-04T16:25:50","modified_gmt":"2023-08-04T16:25:50","slug":"contratista-inicio-arreglos-en-las-placas-afectadas-por-las-lluvias","status":"publish","type":"post","link":"https:\/\/edus.gov.co\/en\/contratista-inicio-arreglos-en-las-placas-afectadas-por-las-lluvias\/","title":{"rendered":"Contratista inici\u00f3 arreglos en las placas afectadas por las lluvias\u00a0\u00a0"},"content":{"rendered":"<div data-elementor-type=\"wp-post\" data-elementor-id=\"10018\" class=\"elementor elementor-10018\" data-elementor-post-type=\"post\">\n\t\t\t\t\t\t<section class=\"elementor-section elementor-top-section elementor-element elementor-element-687bb192 elementor-section-boxed elementor-section-height-default elementor-section-height-default\" data-id=\"687bb192\" data-element_type=\"section\">\n\t\t\t\t\t\t<div class=\"elementor-container elementor-column-gap-default\">\n\t\t\t\t\t<div class=\"elementor-column elementor-col-100 elementor-top-column elementor-element elementor-element-4f30bfab\" data-id=\"4f30bfab\" data-element_type=\"column\">\n\t\t\t<div class=\"elementor-widget-wrap elementor-element-populated\">\n\t\t\t\t\t\t<div class=\"elementor-element elementor-element-2330fad3 elementor-widget elementor-widget-text-editor\" data-id=\"2330fad3\" data-element_type=\"widget\" data-widget_type=\"text-editor.default\">\n\t\t\t\t<div class=\"elementor-widget-container\">\n\t\t\t\t\t\t\t\t\t<p style=\"font-weight: 400;\">Cumpliendo con las directrices de la Alcald\u00eda Distrital, se iniciaron los arreglos de manera inmediata en los tramos de la obra de mejoramiento de la v\u00eda Bonda \u2013 El Curval, que fueron afectadas por las escorrent\u00edas causadas por las lluvias de los \u00faltimos d\u00edas.\u00a0\u00a0<\/p><p style=\"font-weight: 400;\">Los trabajos se adelantan con la intervenci\u00f3n de las placas que presentaron da\u00f1os en los espacios p\u00fablicos, debido a que fueron socavadas por las aguas lluvias.\u00a0<\/p><p style=\"font-weight: 400;\">As\u00ed mismo, se realiz\u00f3 un inventario de las placas de pavimento r\u00edgido que fueron afectadas, las cuales ser\u00e1n demolidas y reemplazadas por unas nuevas, con el fin de garantizar la durabilidad de la v\u00eda.\u00a0<\/p><p style=\"font-weight: 400;\">\u201cDesde que se conoci\u00f3 el reporte por parte del equipo t\u00e9cnico de la EDUS, solicitamos al contratista realizar las reparaciones pertinentes en la mayor brevedad posible, para avanzar con el mejoramiento de la v\u00eda y entregar esta obra con la que han so\u00f1ado por mucho tiempo los bonderos, quienes contar\u00e1n con una v\u00eda en buenas condiciones\u201d, indic\u00f3 Diela Garc\u00e9s, gerente de la EDUS.\u00a0<\/p><p style=\"font-weight: 400;\">La funcionaria se\u00f1al\u00f3 que en algunos tramos se est\u00e1n colocando sacos de arena con el fin de encausar las escorrent\u00edas y evitar que se vuelvan a presentar los da\u00f1os durante la temporada invernal o mientras dure la obra, que actualmente avanza en la construcci\u00f3n de andenes y bordillos, con un porcentaje del 82%, representado en 4.882 m2 de concreto r\u00edgido, 190 m2 de espacio p\u00fablico y 220 metros lineales de bordillo instalados.\u00a0<\/p><p style=\"font-weight: 400;\">Desde la Alcald\u00eda Distrital, liderada por la alcaldesa Virna Johnson, se trabaja en la transformaci\u00f3n de la movilidad en el corregimiento de Bonda, facilitando el tr\u00e1fico hacia las veredas aleda\u00f1as, dinamizando el desarrollo econ\u00f3mico y tur\u00edstico de esta importante regi\u00f3n de Santa Marta.\u00a0<\/p>\t\t\t\t\t\t\t\t<\/div>\n\t\t\t\t<\/div>\n\t\t\t\t\t<\/div>\n\t\t<\/div>\n\t\t\t\t\t<\/div>\n\t\t<\/section>\n\t\t\t\t<section class=\"elementor-section elementor-top-section elementor-element elementor-element-c0d47f5 elementor-section-full_width elementor-section-stretched elementor-section-height-default elementor-section-height-default\" data-id=\"c0d47f5\" data-element_type=\"section\" data-settings=\"{&quot;stretch_section&quot;:&quot;section-stretched&quot;}\">\n\t\t\t\t\t\t\t<div class=\"elementor-background-overlay\"><\/div>\n\t\t\t\t\t\t\t<div class=\"elementor-container elementor-column-gap-default\">\n\t\t\t\t\t<div class=\"elementor-column elementor-col-100 elementor-top-column elementor-element elementor-element-b3f40b9\" data-id=\"b3f40b9\" data-element_type=\"column\">\n\t\t\t<div class=\"elementor-widget-wrap elementor-element-populated\">\n\t\t\t\t\t\t<div class=\"elementor-element elementor-element-939a1e2 elementor-widget elementor-widget-heading\" data-id=\"939a1e2\" data-element_type=\"widget\" data-widget_type=\"heading.default\">\n\t\t\t\t<div class=\"elementor-widget-container\">\n\t\t\t\t\t<h3 class=\"elementor-heading-title elementor-size-default\">\u00daltimas Noticias<\/h3>\t\t\t\t<\/div>\n\t\t\t\t<\/div>\n\t\t\t\t\t<\/div>\n\t\t<\/div>\n\t\t\t\t\t<\/div>\n\t\t<\/section>\n\t\t\t\t<\/div>","protected":false},"excerpt":{"rendered":"<p>Cumpliendo con las directrices de la Alcald\u00eda Distrital, se iniciaron los arreglos de manera inmediata en los tramos de la obra de mejoramiento de la v\u00eda Bonda \u2013 El Curval, que fueron afectadas por las escorrent\u00edas causadas por las lluvias de los \u00faltimos d\u00edas.\u00a0\u00a0 Los trabajos se adelantan con la intervenci\u00f3n de las placas que [&hellip;]<\/p>","protected":false},"author":17,"featured_media":10019,"comment_status":"closed","ping_status":"closed","sticky":false,"template":"","format":"standard","meta":{"site-sidebar-layout":"default","site-content-layout":"","ast-site-content-layout":"default","site-content-style":"default","site-sidebar-style":"default","ast-global-header-display":"","ast-banner-title-visibility":"","ast-main-header-display":"","ast-hfb-above-header-display":"","ast-hfb-below-header-display":"","ast-hfb-mobile-header-display":"","site-post-title":"","ast-breadcrumbs-content":"","ast-featured-img":"","footer-sml-layout":"","ast-disable-related-posts":"","theme-transparent-header-meta":"","adv-header-id-meta":"","stick-header-meta":"","header-above-stick-meta":"","header-main-stick-meta":"","header-below-stick-meta":"","astra-migrate-meta-layouts":"default","ast-page-background-enabled":"default","ast-page-background-meta":{"desktop":{"background-color":"var(--ast-global-color-4)","background-image":"","background-repeat":"repeat","background-position":"center center","background-size":"auto","background-attachment":"scroll","background-type":"","background-media":"","overlay-type":"","overlay-color":"","overlay-opacity":"","overlay-gradient":""},"tablet":{"background-color":"","background-image":"","background-repeat":"repeat","background-position":"center center","background-size":"auto","background-attachment":"scroll","background-type":"","background-media":"","overlay-type":"","overlay-color":"","overlay-opacity":"","overlay-gradient":""},"mobile":{"background-color":"","background-image":"","background-repeat":"repeat","background-position":"center center","background-size":"auto","background-attachment":"scroll","background-type":"","background-media":"","overlay-type":"","overlay-color":"","overlay-opacity":"","overlay-gradient":""}},"ast-content-background-meta":{"desktop":{"background-color":"var(--ast-global-color-5)","background-image":"","background-repeat":"repeat","background-position":"center center","background-size":"auto","background-attachment":"scroll","background-type":"","background-media":"","overlay-type":"","overlay-color":"","overlay-opacity":"","overlay-gradient":""},"tablet":{"background-color":"var(--ast-global-color-5)","background-image":"","background-repeat":"repeat","background-position":"center center","background-size":"auto","background-attachment":"scroll","background-type":"","background-media":"","overlay-type":"","overlay-color":"","overlay-opacity":"","overlay-gradient":""},"mobile":{"background-color":"var(--ast-global-color-5)","background-image":"","background-repeat":"repeat","background-position":"center center","background-size":"auto","background-attachment":"scroll","background-type":"","background-media":"","overlay-type":"","overlay-color":"","overlay-opacity":"","overlay-gradient":""}},"footnotes":""},"categories":[53],"tags":[],"class_list":["post-10018","post","type-post","status-publish","format-standard","has-post-thumbnail","hentry","category-ultimas-noticias"],"_links":{"self":[{"href":"https:\/\/edus.gov.co\/en\/wp-json\/wp\/v2\/posts\/10018","targetHints":{"allow":["GET"]}}],"collection":[{"href":"https:\/\/edus.gov.co\/en\/wp-json\/wp\/v2\/posts"}],"about":[{"href":"https:\/\/edus.gov.co\/en\/wp-json\/wp\/v2\/types\/post"}],"author":[{"embeddable":true,"href":"https:\/\/edus.gov.co\/en\/wp-json\/wp\/v2\/users\/17"}],"replies":[{"embeddable":true,"href":"https:\/\/edus.gov.co\/en\/wp-json\/wp\/v2\/comments?post=10018"}],"version-history":[{"count":4,"href":"https:\/\/edus.gov.co\/en\/wp-json\/wp\/v2\/posts\/10018\/revisions"}],"predecessor-version":[{"id":10023,"href":"https:\/\/edus.gov.co\/en\/wp-json\/wp\/v2\/posts\/10018\/revisions\/10023"}],"wp:featuredmedia":[{"embeddable":true,"href":"https:\/\/edus.gov.co\/en\/wp-json\/wp\/v2\/media\/10019"}],"wp:attachment":[{"href":"https:\/\/edus.gov.co\/en\/wp-json\/wp\/v2\/media?parent=10018"}],"wp:term":[{"taxonomy":"category","embeddable":true,"href":"https:\/\/edus.gov.co\/en\/wp-json\/wp\/v2\/categories?post=10018"},{"taxonomy":"post_tag","embeddable":true,"href":"https:\/\/edus.gov.co\/en\/wp-json\/wp\/v2\/tags?post=10018"}],"curies":[{"name":"wp","href":"https:\/\/api.w.org\/{rel}","templated":true}]}}