{"id":10006,"date":"2023-06-26T22:08:00","date_gmt":"2023-06-26T22:08:00","guid":{"rendered":"https:\/\/edus.gov.co\/?p=10006"},"modified":"2023-08-03T22:10:39","modified_gmt":"2023-08-03T22:10:39","slug":"mantenimiento-preventivo-del-camellon-de-la-bahia-avanza-en-el-50","status":"publish","type":"post","link":"https:\/\/edus.gov.co\/en\/mantenimiento-preventivo-del-camellon-de-la-bahia-avanza-en-el-50\/","title":{"rendered":"Mantenimiento preventivo del Camell\u00f3n de la Bah\u00eda avanza en el 50%\u00a0"},"content":{"rendered":"<div data-elementor-type=\"wp-post\" data-elementor-id=\"10006\" class=\"elementor elementor-10006\" data-elementor-post-type=\"post\">\n\t\t\t\t\t\t<section class=\"elementor-section elementor-top-section elementor-element elementor-element-687bb192 elementor-section-boxed elementor-section-height-default elementor-section-height-default\" data-id=\"687bb192\" data-element_type=\"section\">\n\t\t\t\t\t\t<div class=\"elementor-container elementor-column-gap-default\">\n\t\t\t\t\t<div class=\"elementor-column elementor-col-100 elementor-top-column elementor-element elementor-element-4f30bfab\" data-id=\"4f30bfab\" data-element_type=\"column\">\n\t\t\t<div class=\"elementor-widget-wrap elementor-element-populated\">\n\t\t\t\t\t\t<div class=\"elementor-element elementor-element-2330fad3 elementor-widget elementor-widget-text-editor\" data-id=\"2330fad3\" data-element_type=\"widget\" data-widget_type=\"text-editor.default\">\n\t\t\t\t<div class=\"elementor-widget-container\">\n\t\t\t\t\t\t\t\t\t<p><span lang=\"ES\">La Alcald\u00eda Distrital de Santa Marta, en aras de avanzar de manera \u00e1gil en el cumplimiento del cronograma establecido en las obras de mantenimiento preventivo del Camell\u00f3n de la Bah\u00eda, implement\u00f3 la estrategia de un nuevo frente de trabajadores para acelerar las actividades en este emblem\u00e1tico lugar.<\/span><span lang=\"ES\">\u00a0 \u00a0 \u00a0 \u00a0 \u00a0 \u00a0 \u00a0 \u00a0 \u00a0 \u00a0 \u00a0 \u00a0 \u00a0 \u00a0 \u00a0\u00a0 \u00a0 \u00a0 \u00a0 \u00a0 \u00a0 \u00a0 \u00a0 \u00a0 \u00a0 \u00a0 <\/span><\/p><p><span lang=\"ES\">Las labores se adelantan en horario nocturno por parte de la Empresa de Desarrollo y Renovaci\u00f3n Urbano Sostenible, EDUS, para que haya personal disponible tanto en las jornadas de d\u00eda, como en la noche.<\/span><span lang=\"ES\">\u00a0<u><\/u><\/span><\/p><p><span lang=\"ES\">Para ello, la gerente de la EDUS, Diela Garc\u00e9s Espitia, explic\u00f3 que se vincul\u00f3 un nuevo personal,\u00a0\u00a0con el objetivo de garantizar la entrega del piso y otros arreglos a finales del mes de julio.<u><\/u>\u00a0<u><\/u><\/span><\/p><p><span lang=\"ES\">\u201cEstamos trabajando con un tercer frente de operarios en horario nocturno con el fin de agilizar los trabajos, teniendo en cuenta que no hay flujo de visitantes en horas de la noche, facilitando las labores lo que nos permiten avanzar\u201d, dijo la funcionaria.<u><\/u>\u00a0<u><\/u><\/span><\/p><p><span lang=\"ES\">Garc\u00e9s Espitia indic\u00f3 adem\u00e1s que estas acciones de prevenci\u00f3n se adelantan con el fin de mejorar los espacios del Camell\u00f3n de la Bah\u00eda y recuperar los elementos que han sido afectados por personas inescrupulosas, quienes han atentado contra los bienes de uso p\u00fablico de este importante escenario tur\u00edstico de la ciudad.<u><\/u>\u00a0<u><\/u><\/span><\/p><p><span lang=\"ES\">Actualmente, los trabajos del Camell\u00f3n cuentan con un avance del 50%, y se espera que en las pr\u00f3ximas semanas se realice la instalaci\u00f3n del nuevo piso de mayor calidad y durabilidad.<u><\/u>\u00a0<u><\/u><\/span><\/p><p><span lang=\"ES\">As\u00ed mismo, se inici\u00f3 la instalaci\u00f3n de 2 mil metros de c\u00e9sped sint\u00e9tico en las \u00e1reas verdes para mitigar los posibles da\u00f1os por la alta afluencia de p\u00fablico que visita al Camell\u00f3n. Igualmente, fue dispuesto el aviso en la Plazoleta de Jugos Tradicionales en \u00e1rea visible.<u><\/u>\u00a0<u><\/u><\/span><\/p><p><span lang=\"ES\">El Camell\u00f3n de la Bah\u00eda es una zona frecuentada por centenares de personas,\u00a0por lo que es muy importante que los espacios est\u00e9n en perfecto estado y en las mejores condiciones, para que tanto samarios como visitantes disfruten de este sitio, que hace parte de la transformaci\u00f3n de Santa Marta, liderada por los Gobiernos del Cambio.<u><\/u>\u00a0<\/span><\/p>\t\t\t\t\t\t\t\t<\/div>\n\t\t\t\t<\/div>\n\t\t\t\t\t<\/div>\n\t\t<\/div>\n\t\t\t\t\t<\/div>\n\t\t<\/section>\n\t\t\t\t<section class=\"elementor-section elementor-top-section elementor-element elementor-element-c0d47f5 elementor-section-full_width elementor-section-stretched elementor-section-height-default elementor-section-height-default\" data-id=\"c0d47f5\" data-element_type=\"section\" data-settings=\"{&quot;stretch_section&quot;:&quot;section-stretched&quot;}\">\n\t\t\t\t\t\t\t<div class=\"elementor-background-overlay\"><\/div>\n\t\t\t\t\t\t\t<div class=\"elementor-container elementor-column-gap-default\">\n\t\t\t\t\t<div class=\"elementor-column elementor-col-100 elementor-top-column elementor-element elementor-element-b3f40b9\" data-id=\"b3f40b9\" data-element_type=\"column\">\n\t\t\t<div class=\"elementor-widget-wrap elementor-element-populated\">\n\t\t\t\t\t\t<div class=\"elementor-element elementor-element-939a1e2 elementor-widget elementor-widget-heading\" data-id=\"939a1e2\" data-element_type=\"widget\" data-widget_type=\"heading.default\">\n\t\t\t\t<div class=\"elementor-widget-container\">\n\t\t\t\t\t<h3 class=\"elementor-heading-title elementor-size-default\">\u00daltimas Noticias<\/h3>\t\t\t\t<\/div>\n\t\t\t\t<\/div>\n\t\t\t\t\t<\/div>\n\t\t<\/div>\n\t\t\t\t\t<\/div>\n\t\t<\/section>\n\t\t\t\t<\/div>","protected":false},"excerpt":{"rendered":"<p>La Alcald\u00eda Distrital de Santa Marta, en aras de avanzar de manera \u00e1gil en el cumplimiento del cronograma establecido en las obras de mantenimiento preventivo del Camell\u00f3n de la Bah\u00eda, implement\u00f3 la estrategia de un nuevo frente de trabajadores para acelerar las actividades en este emblem\u00e1tico lugar.\u00a0 \u00a0 \u00a0 \u00a0 \u00a0 \u00a0 \u00a0 \u00a0 \u00a0 [&hellip;]<\/p>","protected":false},"author":17,"featured_media":10007,"comment_status":"closed","ping_status":"closed","sticky":false,"template":"","format":"standard","meta":{"site-sidebar-layout":"default","site-content-layout":"","ast-site-content-layout":"default","site-content-style":"default","site-sidebar-style":"default","ast-global-header-display":"","ast-banner-title-visibility":"","ast-main-header-display":"","ast-hfb-above-header-display":"","ast-hfb-below-header-display":"","ast-hfb-mobile-header-display":"","site-post-title":"","ast-breadcrumbs-content":"","ast-featured-img":"","footer-sml-layout":"","ast-disable-related-posts":"","theme-transparent-header-meta":"","adv-header-id-meta":"","stick-header-meta":"","header-above-stick-meta":"","header-main-stick-meta":"","header-below-stick-meta":"","astra-migrate-meta-layouts":"default","ast-page-background-enabled":"default","ast-page-background-meta":{"desktop":{"background-color":"var(--ast-global-color-4)","background-image":"","background-repeat":"repeat","background-position":"center center","background-size":"auto","background-attachment":"scroll","background-type":"","background-media":"","overlay-type":"","overlay-color":"","overlay-opacity":"","overlay-gradient":""},"tablet":{"background-color":"","background-image":"","background-repeat":"repeat","background-position":"center center","background-size":"auto","background-attachment":"scroll","background-type":"","background-media":"","overlay-type":"","overlay-color":"","overlay-opacity":"","overlay-gradient":""},"mobile":{"background-color":"","background-image":"","background-repeat":"repeat","background-position":"center center","background-size":"auto","background-attachment":"scroll","background-type":"","background-media":"","overlay-type":"","overlay-color":"","overlay-opacity":"","overlay-gradient":""}},"ast-content-background-meta":{"desktop":{"background-color":"var(--ast-global-color-5)","background-image":"","background-repeat":"repeat","background-position":"center center","background-size":"auto","background-attachment":"scroll","background-type":"","background-media":"","overlay-type":"","overlay-color":"","overlay-opacity":"","overlay-gradient":""},"tablet":{"background-color":"var(--ast-global-color-5)","background-image":"","background-repeat":"repeat","background-position":"center center","background-size":"auto","background-attachment":"scroll","background-type":"","background-media":"","overlay-type":"","overlay-color":"","overlay-opacity":"","overlay-gradient":""},"mobile":{"background-color":"var(--ast-global-color-5)","background-image":"","background-repeat":"repeat","background-position":"center center","background-size":"auto","background-attachment":"scroll","background-type":"","background-media":"","overlay-type":"","overlay-color":"","overlay-opacity":"","overlay-gradient":""}},"footnotes":""},"categories":[53],"tags":[],"class_list":["post-10006","post","type-post","status-publish","format-standard","has-post-thumbnail","hentry","category-ultimas-noticias"],"_links":{"self":[{"href":"https:\/\/edus.gov.co\/en\/wp-json\/wp\/v2\/posts\/10006","targetHints":{"allow":["GET"]}}],"collection":[{"href":"https:\/\/edus.gov.co\/en\/wp-json\/wp\/v2\/posts"}],"about":[{"href":"https:\/\/edus.gov.co\/en\/wp-json\/wp\/v2\/types\/post"}],"author":[{"embeddable":true,"href":"https:\/\/edus.gov.co\/en\/wp-json\/wp\/v2\/users\/17"}],"replies":[{"embeddable":true,"href":"https:\/\/edus.gov.co\/en\/wp-json\/wp\/v2\/comments?post=10006"}],"version-history":[{"count":4,"href":"https:\/\/edus.gov.co\/en\/wp-json\/wp\/v2\/posts\/10006\/revisions"}],"predecessor-version":[{"id":10011,"href":"https:\/\/edus.gov.co\/en\/wp-json\/wp\/v2\/posts\/10006\/revisions\/10011"}],"wp:featuredmedia":[{"embeddable":true,"href":"https:\/\/edus.gov.co\/en\/wp-json\/wp\/v2\/media\/10007"}],"wp:attachment":[{"href":"https:\/\/edus.gov.co\/en\/wp-json\/wp\/v2\/media?parent=10006"}],"wp:term":[{"taxonomy":"category","embeddable":true,"href":"https:\/\/edus.gov.co\/en\/wp-json\/wp\/v2\/categories?post=10006"},{"taxonomy":"post_tag","embeddable":true,"href":"https:\/\/edus.gov.co\/en\/wp-json\/wp\/v2\/tags?post=10006"}],"curies":[{"name":"wp","href":"https:\/\/api.w.org\/{rel}","templated":true}]}}